{"id":9446,"date":"2025-08-11T15:58:47","date_gmt":"2025-08-11T14:58:47","guid":{"rendered":"https:\/\/informacionlocal.es\/apertura-del-consultorio-medico-de-el-cotillo\/"},"modified":"2025-08-11T15:58:47","modified_gmt":"2025-08-11T14:58:47","slug":"apertura-del-consultorio-medico-de-el-cotillo","status":"publish","type":"post","link":"https:\/\/informacionlocal.es\/en\/apertura-del-consultorio-medico-de-el-cotillo\/","title":{"rendered":"Apertura del consultorio m\u00e9dico de El Cotillo"},"content":{"rendered":"<p>El consultorio m\u00e9dico de El Cotillo es una realidad. El Ayuntamiento de La Oliva junto con el Servicio Canario logran proporcionar una atenci\u00f3n sanitaria temprana a los vecinos y vecinas de El Cotillo y El Roque, dando respuesta as\u00ed a una demanda hist\u00f3rica de ambas localidades. La iniciativa ha sido posible gracias a la cesi\u00f3n por parte del Consistorio de un local comercial ubicado en la Avenida Los Lagos n\u00ba23 de la localidad costera<\/p>\n<p>Este espacio servir\u00e1 para ofrecer la atenci\u00f3n sanitaria de manera provisional hasta que la Administraci\u00f3n municipal consiga hacer efectivo el proceso de tramitaci\u00f3n de una modificaci\u00f3n puntual de las normas subsidiarias para dotar suelo y construir un consultorio definitivo.<\/p>\n<p>En este sentido, el objetivo principal de esta colaboraci\u00f3n es mejorar la asistencia sanitaria de los residentes de El Cotillo y El Roque, facilitando el acceso a servicios m\u00e9dicos cercanos y de calidad, en l\u00ednea con las necesidades de una poblaci\u00f3n en crecimiento.  <\/p>\n<p>El alcalde de La Oliva, Isa\u00ed Blanco, se\u00f1ala la importancia de esta implementaci\u00f3n en el pueblo: \u201cEl consultorio de El Cotillo ya es una realidad. Junto al Servicio Canario de Salud, conseguimos ofrecer un servicio de atenci\u00f3n primaria a los vecinos y vecinas de El Cotillo y de El Roque, una acci\u00f3n que responde de forma directa a la demanda hist\u00f3rica de los habitantes de ambas localidades. Asimismo, a trav\u00e9s de esta actuaci\u00f3n, aliviamos el servicio sanitario en Corralejo marcando un antes y un despu\u00e9s en el servicio sanitario en el norte de la Isla pues, se ofrece la tranquilidad a aquellos que se encuentren en una situaci\u00f3n de emergencia de una atenci\u00f3n efectiva y de calidad.\u201d <\/p>\n<p>La presidenta del Cabildo, Lola Garc\u00eda, destac\u00f3 que, debido al crecimiento poblacional en Fuerteventura, \u201cse deben descentralizar los puntos de atenci\u00f3n en todo el territorio insular para que la ciudadan\u00eda pueda tener acceso a una atenci\u00f3n de calidad\u201d. <\/p>\n<p>Con este recurso, apunt\u00f3 Garc\u00eda, \u201cse cumple con una demanda hist\u00f3rica, permitiendo cubrir las necesidades sanitarias b\u00e1sicas de vecinos y vecinas de la zona norte. Una demanda que ya es una realidad, gracias a la coordinaci\u00f3n interadministrativa entre el Ayuntamiento y la direcci\u00f3n del \u00c1rea de Salud de Fuerteventura, esperando que pronto podamos contar con un consultorio definitivo, fruto de esta colaboraci\u00f3n\u201d. <\/p>\n<p>Por su parte, el director del SCS, Adasat Goya, destac\u00f3 que la puesta en marcha de este nuevo centro sanitario de Atenci\u00f3n Primaria supone una mejora para toda la Zona B\u00e1sica de Salud ante el incremento de la demanda sanitaria derivada del aumento de poblaci\u00f3n en La Oliva. El Consultorio da cobertura a los usuarios de El Cotillo y El Roque, que hasta ahora ten\u00edan que desplazarse hasta al Centro de Salud de Corralejo o a los consultorios de La Oliva y Lajares, los tres que dan cobertura al municipio, explic\u00f3 el director del SCS.<\/p>\n<p>Este paso representa un avance importante en la mejora de los servicios sanitarios en la zona, garantizando una atenci\u00f3n m\u00e1s cercana y eficiente para todos los habitantes. Desde el Ayuntamiento de La Oliva y el Servicio Canario de Salud, se contin\u00faa trabajando para consolidar este recurso y avanzar hacia la apertura de un consultorio definitivo que responda a las necesidades de la poblaci\u00f3n.<\/p>\n","protected":false},"excerpt":{"rendered":"<p><span>El trabajo conjunto entre el Ayuntamiento de La Oliva y el Servicio Canario de Salud responde a una demanda hist\u00f3rica de los vecinos y vecinas de El Cotillo y El Roque, logrando as\u00ed la implementaci\u00f3n del servicio de atenci\u00f3n sanitaria en el pueblo costero<\/span><\/p>\n","protected":false},"author":1,"featured_media":9448,"comment_status":"open","ping_status":"open","sticky":false,"template":"","format":"standard","meta":{"inline_featured_image":false,"jnews-multi-image_gallery":[],"jnews_single_post":[],"jnews_primary_category":[],"jnews_social_meta":[],"jnews_override_counter":[],"jnews_post_split":[],"footnotes":""},"categories":[62],"tags":[82],"class_list":["post-9446","post","type-post","status-publish","format-standard","has-post-thumbnail","hentry","category-la-oliva","tag-fuerteventura"],"jetpack_featured_media_url":"https:\/\/informacionlocal.es\/wp-content\/uploads\/2025\/08\/5231_f8ea6a3f.png","_links":{"self":[{"href":"https:\/\/informacionlocal.es\/en\/wp-json\/wp\/v2\/posts\/9446","targetHints":{"allow":["GET"]}}],"collection":[{"href":"https:\/\/informacionlocal.es\/en\/wp-json\/wp\/v2\/posts"}],"about":[{"href":"https:\/\/informacionlocal.es\/en\/wp-json\/wp\/v2\/types\/post"}],"author":[{"embeddable":true,"href":"https:\/\/informacionlocal.es\/en\/wp-json\/wp\/v2\/users\/1"}],"replies":[{"embeddable":true,"href":"https:\/\/informacionlocal.es\/en\/wp-json\/wp\/v2\/comments?post=9446"}],"version-history":[{"count":0,"href":"https:\/\/informacionlocal.es\/en\/wp-json\/wp\/v2\/posts\/9446\/revisions"}],"wp:featuredmedia":[{"embeddable":true,"href":"https:\/\/informacionlocal.es\/en\/wp-json\/wp\/v2\/media\/9448"}],"wp:attachment":[{"href":"https:\/\/informacionlocal.es\/en\/wp-json\/wp\/v2\/media?parent=9446"}],"wp:term":[{"taxonomy":"category","embeddable":true,"href":"https:\/\/informacionlocal.es\/en\/wp-json\/wp\/v2\/categories?post=9446"},{"taxonomy":"post_tag","embeddable":true,"href":"https:\/\/informacionlocal.es\/en\/wp-json\/wp\/v2\/tags?post=9446"}],"curies":[{"name":"wp","href":"https:\/\/api.w.org\/{rel}","templated":true}]}}