{"id":9386,"date":"2025-08-08T17:00:42","date_gmt":"2025-08-08T16:00:42","guid":{"rendered":"https:\/\/informacionlocal.es\/david-bustamante-artista-invitado-en-las-fiestas-de-antigua-2025\/"},"modified":"2025-08-08T17:00:42","modified_gmt":"2025-08-08T16:00:42","slug":"david-bustamante-artista-invitado-en-las-fiestas-de-antigua-2025","status":"publish","type":"post","link":"https:\/\/informacionlocal.es\/en\/david-bustamante-artista-invitado-en-las-fiestas-de-antigua-2025\/","title":{"rendered":"David Bustamante artista invitado en las Fiestas de Antigua 2025"},"content":{"rendered":"<div class=\"elementor-widget-container\">\n<p><strong>David Bustamante artista invitado en las Fiestas de Antigua 2025<\/strong><\/p>\n<p><strong>\u2022 El conocido cantante David Bustamante en concierto en Antigua con su \u00faltimo disco, In\u00e9dito. <\/strong><br \/><strong>\u2022 Concierto abierto y gratuito en el escenario de las Fiestas de Antigua el domingo 7 de septiembre a las 22:00 horas.<\/strong><\/p>\n<p>El Ayuntamiento de Antigua desde la concejal\u00eda de Festejos y con la imprescindible colaboraci\u00f3n de la Comisi\u00f3n de Fiestas prepara del 21 de agosto y hasta el 8 de septiembre, un programa de conciertos, verbenas, fiestas infantiles, actuaciones, noches de bolero y humor para todos los p\u00fablicos, gustos y perfiles a disfrutar durante las Fiestas en Honor a Nuestra Se\u00f1ora de La Antigua 2025.<\/p>\n<p>Desde que Pepa Hern\u00e1ndez Jord\u00e1n presente el Preg\u00f3n de las Fiestas, acompa\u00f1ada por su parranda El Campillo, el timplista V\u00edctor Est\u00e1rico y el pianista Domingo Saavedra, se\u00f1ala el alcalde, Mat\u00edas Pe\u00f1a, no cesaran los conciertos, las fiestas infantiles, citas deportivas tan emocionantes como el treinta aniversario del Rally de Antigua o la nueva edici\u00f3n Xtreme Race, y actuaciones destacadas.<\/p>\n<p>El \u00faltimo fin de semana de las fiestas, anuncia el concejal de festejos, Pedro M. Armas Mart\u00edn, el volumen de las fiestas aumenta con un fin de semana intenso en el que no faltar\u00e1 la Verbena de los 80, la Romer\u00eda, el Encuentro de Parrandas, verbena de orquestas hasta la madrugada, ofreci\u00e9ndose el domingo 7 desde las 22:00 horas el Gran Concierto de David Bustamante con su mejor repertorio recogido en su \u00faltimo disco In\u00e9dito.<\/p>\n<p>Una noche de actuaciones hasta la madrugada s\u00f3lo interrumpida por la gran Exhibici\u00f3n Pirot\u00e9cnica a las doce de la noche, continuando con la de m\u00fasica de Gente Nueva, Grupo Bomba y su Orquesta, Wamampy, Mec\u00e1nica by Tamarindos y a las cinco de la madrugada la Diana floreada en la que no podr\u00eda faltar, la Banda de Agaete.<\/p>\n<\/div>\n","protected":false},"excerpt":{"rendered":"<p><strong>David Bustamante artista invitado en las Fiestas de Antigua 2025<\/strong><\/p>\n","protected":false},"author":1,"featured_media":9388,"comment_status":"open","ping_status":"open","sticky":false,"template":"","format":"standard","meta":{"inline_featured_image":false,"jnews-multi-image_gallery":[],"jnews_single_post":[],"jnews_primary_category":[],"jnews_social_meta":[],"jnews_override_counter":[],"jnews_post_split":[],"footnotes":""},"categories":[59],"tags":[],"class_list":["post-9386","post","type-post","status-publish","format-standard","has-post-thumbnail","hentry","category-antigua"],"jetpack_featured_media_url":"https:\/\/informacionlocal.es\/wp-content\/uploads\/2025\/08\/imagen-de-whatsapp-2025-08-08-a-las-08-37-17_8fdc8303.jpg","_links":{"self":[{"href":"https:\/\/informacionlocal.es\/en\/wp-json\/wp\/v2\/posts\/9386","targetHints":{"allow":["GET"]}}],"collection":[{"href":"https:\/\/informacionlocal.es\/en\/wp-json\/wp\/v2\/posts"}],"about":[{"href":"https:\/\/informacionlocal.es\/en\/wp-json\/wp\/v2\/types\/post"}],"author":[{"embeddable":true,"href":"https:\/\/informacionlocal.es\/en\/wp-json\/wp\/v2\/users\/1"}],"replies":[{"embeddable":true,"href":"https:\/\/informacionlocal.es\/en\/wp-json\/wp\/v2\/comments?post=9386"}],"version-history":[{"count":0,"href":"https:\/\/informacionlocal.es\/en\/wp-json\/wp\/v2\/posts\/9386\/revisions"}],"wp:featuredmedia":[{"embeddable":true,"href":"https:\/\/informacionlocal.es\/en\/wp-json\/wp\/v2\/media\/9388"}],"wp:attachment":[{"href":"https:\/\/informacionlocal.es\/en\/wp-json\/wp\/v2\/media?parent=9386"}],"wp:term":[{"taxonomy":"category","embeddable":true,"href":"https:\/\/informacionlocal.es\/en\/wp-json\/wp\/v2\/categories?post=9386"},{"taxonomy":"post_tag","embeddable":true,"href":"https:\/\/informacionlocal.es\/en\/wp-json\/wp\/v2\/tags?post=9386"}],"curies":[{"name":"wp","href":"https:\/\/api.w.org\/{rel}","templated":true}]}}