{"id":9342,"date":"2025-08-06T21:02:39","date_gmt":"2025-08-06T20:02:39","guid":{"rendered":"https:\/\/informacionlocal.es\/el-escalador-mandy-marco-placeres-lleva-a-antigua-a-las-cimas-del-mundo\/"},"modified":"2025-08-06T21:02:39","modified_gmt":"2025-08-06T20:02:39","slug":"el-escalador-mandy-marco-placeres-lleva-a-antigua-a-las-cimas-del-mundo","status":"publish","type":"post","link":"https:\/\/informacionlocal.es\/en\/el-escalador-mandy-marco-placeres-lleva-a-antigua-a-las-cimas-del-mundo\/","title":{"rendered":"El escalador Mandy Marco Placeres lleva a Antigua a las cimas del mundo"},"content":{"rendered":"<div class=\"elementor-widget-container\">\n<p><strong>El escalador Mandy Marco Placeres lleva a Antigua a las cimas del mundo<\/strong><\/p>\n<p><strong>\u2022 Humilde y sencillo el vecino de Antigua, Mandy Marco Placeres, escalador internacional reconocido 14 picos de 8 miles, ha alcanzado la cima de las 46 monta\u00f1as m\u00e1s altas del mundo. <\/strong><br \/><strong>\u2022 Placeres lleva ahora en su mochila de escalada la bandera de \u2018Antigua, Fuerteventura y Canarias escalando el mundo\u2019<\/strong><br \/><strong>\u2022 En estos momentos se encuentra escalando los tres picos m\u00e1s altos de Pakist\u00e1n, el Golden Peak con 7.500 metros, el Gasherbrum con 8.070 metros y el Karakorum de 8.611 metros.<\/strong><\/p>\n<p>Lleg\u00f3 para saludar y presentarse como escalador internacional, avergonzado de contar sus \u00e9xitos para poder justificar que ped\u00eda una bandera de Antigua que le pudiera acompa\u00f1ar en su siguiente expedici\u00f3n a los tres picos m\u00e1s altos de Pakist\u00e1n, recuerda el alcalde, Mat\u00edas Pe\u00f1a Garc\u00eda. Su trayectoria nos dej\u00f3 impresionados, se\u00f1ala el concejal de Deportes, Samuel Torres, no quer\u00eda contarla por no parecer que presum\u00eda.<\/p>\n<p>Soy de Antigua y soy canario y quiero que el mundo lo sepa y sepa ubicar mi casa, mi hogar del que me siento orgulloso, afirm\u00f3 Placeres con amplia sonrisa y emocionado, al recibir la bandera del alcalde y el concejal, despidi\u00e9ndose para partir dos d\u00edas despu\u00e9s hacia Pakist\u00e1n.<\/p>\n<p>Preparado f\u00edsica y mentalmente se encuentra en estos momentos en la expedici\u00f3n de subida a la Golden Peak, adversa y especialmente complicada tras recibir la noticia del fallecimiento de dos conocidas escaladoras, compa\u00f1eras de escalada o campos base en alguna ocasi\u00f3n.<\/p>\n<p>Si logro alcanzar la cima, mostrar\u00e9 la bandera y les enviar\u00e9 a Antigua la imagen de ese momento, nos se\u00f1ala Placeres, que adem\u00e1s acepta la propuesta de contar su historia a la vuelta, porque tal y como dec\u00eda, no se trata de contar mi historia sino dar a entender que cimas altas hay muchas y muy diferentes, y que por muy complicadas que est\u00e9n comienzan a subirse desde el primer paso.<\/p>\n<\/div>\n","protected":false},"excerpt":{"rendered":"<p><strong>El escalador Mandy Marco Placeres lleva a Antigua a las cimas del mundo<\/strong><\/p>\n","protected":false},"author":1,"featured_media":9344,"comment_status":"open","ping_status":"open","sticky":false,"template":"","format":"standard","meta":{"inline_featured_image":false,"jnews-multi-image_gallery":[],"jnews_single_post":[],"jnews_primary_category":[],"jnews_social_meta":[],"jnews_override_counter":[],"jnews_post_split":[],"footnotes":""},"categories":[59],"tags":[82],"class_list":["post-9342","post","type-post","status-publish","format-standard","has-post-thumbnail","hentry","category-antigua","tag-fuerteventura"],"jetpack_featured_media_url":"https:\/\/informacionlocal.es\/wp-content\/uploads\/2025\/08\/de-antigua-a-las-cimas-del-mundo.jpg","_links":{"self":[{"href":"https:\/\/informacionlocal.es\/en\/wp-json\/wp\/v2\/posts\/9342","targetHints":{"allow":["GET"]}}],"collection":[{"href":"https:\/\/informacionlocal.es\/en\/wp-json\/wp\/v2\/posts"}],"about":[{"href":"https:\/\/informacionlocal.es\/en\/wp-json\/wp\/v2\/types\/post"}],"author":[{"embeddable":true,"href":"https:\/\/informacionlocal.es\/en\/wp-json\/wp\/v2\/users\/1"}],"replies":[{"embeddable":true,"href":"https:\/\/informacionlocal.es\/en\/wp-json\/wp\/v2\/comments?post=9342"}],"version-history":[{"count":0,"href":"https:\/\/informacionlocal.es\/en\/wp-json\/wp\/v2\/posts\/9342\/revisions"}],"wp:featuredmedia":[{"embeddable":true,"href":"https:\/\/informacionlocal.es\/en\/wp-json\/wp\/v2\/media\/9344"}],"wp:attachment":[{"href":"https:\/\/informacionlocal.es\/en\/wp-json\/wp\/v2\/media?parent=9342"}],"wp:term":[{"taxonomy":"category","embeddable":true,"href":"https:\/\/informacionlocal.es\/en\/wp-json\/wp\/v2\/categories?post=9342"},{"taxonomy":"post_tag","embeddable":true,"href":"https:\/\/informacionlocal.es\/en\/wp-json\/wp\/v2\/tags?post=9342"}],"curies":[{"name":"wp","href":"https:\/\/api.w.org\/{rel}","templated":true}]}}