{"id":9324,"date":"2025-08-06T12:58:25","date_gmt":"2025-08-06T11:58:25","guid":{"rendered":"https:\/\/informacionlocal.es\/cabildo-y-la-camara-de-comercio-crean-agrofuer-para-reactivar-la-economia-del-interior-de-la-isla\/"},"modified":"2025-08-06T12:58:25","modified_gmt":"2025-08-06T11:58:25","slug":"cabildo-y-la-camara-de-comercio-crean-agrofuer-para-reactivar-la-economia-del-interior-de-la-isla","status":"publish","type":"post","link":"https:\/\/informacionlocal.es\/en\/cabildo-y-la-camara-de-comercio-crean-agrofuer-para-reactivar-la-economia-del-interior-de-la-isla\/","title":{"rendered":"\ufeffCabildo y la C\u00e1mara de Comercio crean AgroFuer para reactivar la econom\u00eda del interior de la isla"},"content":{"rendered":"<div class=\"entry-content\"><strong>6 agosto, 2025<\/strong><\/p>\n<p><strong><em>Habr\u00e1 una gran feria para la promoci\u00f3n de productos kil\u00f3metro cero y la conexi\u00f3n directa entre productores y consumidores, as\u00ed como dos talleres de artesan\u00eda tradicional<\/em><\/strong><\/p>\n<p><strong><em>Estas actuaciones de \u2018Fuerte por Naturaleza\u2019 surgen a propuesta de la Consejer\u00eda de Turismo y cuentan con apoyo de los Fondos Next Generation EU<\/em><\/strong><strong><em>Marlene Figueroa: \u201cAgroFuer nace para que los productores majoreros m\u00e1s alejados de la costa, los que dan sentido e identidad a Fuerteventura, tambi\u00e9n se beneficien de un sector que ha conseguido crear riqueza entorno a las playas\u201d<\/em><\/strong><\/p>\n<p>El programa \u2018Fuerte por Naturaleza\u2019 que lidera el Cabildo de Fuerteventura, a trav\u00e9s de la Consejer\u00eda de Turismo, incorpora una nueva actuaci\u00f3n, AgroFuer, tras la firma de un convenio con la C\u00e1mara de Comercio de Fuerteventura y el apoyo de los Fondos Next Generation EU. AgroFuer tiene por objetivo reactivar la econom\u00eda del interior de la isla y sumarla al desarrollo tur\u00edstico.<\/p>\n<p>La consejera de Turismo, Marlene Figueroa, explica que \u201cel sector tur\u00edstico, bien entendido, genera empleo y act\u00faa de cabeza tractora de las econom\u00edas locales\u201d, por lo que las pol\u00edticas de las administraciones con competencias en la materia deben velar por que ese efecto tractor sea una realidad en toda la isla.<\/p>\n<p>Marlene Figueroa a\u00f1ade que \u201cAgroFuer nace para que los productores majoreros m\u00e1s alejados de la costa, los que dan sentido e identidad a Fuerteventura, tambi\u00e9n se beneficien de un sector que ha conseguido crear riqueza entorno a las playas\u201d.<\/p>\n<p>El convenio de AgroFuer, firmado por la consejera Figueroa y el presidente de la C\u00e1mara Oficial de Comercio, Industria, Servicios y Navegaci\u00f3n de Fuerteventura, Juan Jes\u00fas Rodr\u00edguez Marichal, se incluye en el programa \u2018Fuerte por Naturaleza\u2019, del Plan de Sostenibilidad Tur\u00edstica en Destino, y cuenta con un presupuesto de 115.000 euros, en el marco del Plan de Recuperaci\u00f3n, Transformaci\u00f3n y Resiliencia del Gobierno de Espa\u00f1a financiado por la Uni\u00f3n Europea (Fondos Next Generation EU).<\/p>\n<p>El proyecto AgroFuer incluye la organizaci\u00f3n de una gran feria para la promoci\u00f3n de productos kil\u00f3metro cero y la venta directa, as\u00ed como la creaci\u00f3n de dos talleres de artesan\u00eda tradicional, impartido por artesanos majoreros, con proyecci\u00f3n insular.<\/p>\n<p>La feria estar\u00e1 orientada a la promoci\u00f3n de los productos locales, fomentando la conexi\u00f3n directa entre productores y consumidores, con el objetivo de potenciar el consumo de proximidad, apoyar al sector primario y visibilizar el valor de aquellas zonas del interior de la isla que no se benefician directamente del turismo.<\/p>\n<p>\u201cCon ello, se pretende fomentar una distribuci\u00f3n m\u00e1s equitativa de los beneficios econ\u00f3micos derivados del sector\u201d, reitera Marlene Figueroa. Asimismo, se contempla la celebraci\u00f3n de dos talleres de artesan\u00eda en diferentes puntos del territorio insular, destinados a la puesta en valor de los oficios tradicionales, promoviendo la transmisi\u00f3n generacional de conocimientos y fortaleciendo la artesan\u00eda.<\/p>\n<\/div>\n","protected":false},"excerpt":{"rendered":"<p>6 agosto, 2025 Habr\u00e1 una gran feria para la promoci\u00f3n de productos kil\u00f3metro cero y la conexi\u00f3n directa entre productores y consumidores, as\u00ed como dos talleres de artesan\u00eda tradicional Estas [&hellip;]<\/p>\n","protected":false},"author":1,"featured_media":9326,"comment_status":"open","ping_status":"open","sticky":false,"template":"","format":"standard","meta":{"inline_featured_image":false,"jnews-multi-image_gallery":[],"jnews_single_post":[],"jnews_primary_category":[],"jnews_social_meta":[],"jnews_override_counter":[],"jnews_post_split":[],"footnotes":""},"categories":[58],"tags":[82],"class_list":["post-9324","post","type-post","status-publish","format-standard","has-post-thumbnail","hentry","category-cabildo","tag-fuerteventura"],"jetpack_featured_media_url":"https:\/\/informacionlocal.es\/wp-content\/uploads\/2025\/08\/convenio-cc3a1mara.jpeg","_links":{"self":[{"href":"https:\/\/informacionlocal.es\/en\/wp-json\/wp\/v2\/posts\/9324","targetHints":{"allow":["GET"]}}],"collection":[{"href":"https:\/\/informacionlocal.es\/en\/wp-json\/wp\/v2\/posts"}],"about":[{"href":"https:\/\/informacionlocal.es\/en\/wp-json\/wp\/v2\/types\/post"}],"author":[{"embeddable":true,"href":"https:\/\/informacionlocal.es\/en\/wp-json\/wp\/v2\/users\/1"}],"replies":[{"embeddable":true,"href":"https:\/\/informacionlocal.es\/en\/wp-json\/wp\/v2\/comments?post=9324"}],"version-history":[{"count":0,"href":"https:\/\/informacionlocal.es\/en\/wp-json\/wp\/v2\/posts\/9324\/revisions"}],"wp:featuredmedia":[{"embeddable":true,"href":"https:\/\/informacionlocal.es\/en\/wp-json\/wp\/v2\/media\/9326"}],"wp:attachment":[{"href":"https:\/\/informacionlocal.es\/en\/wp-json\/wp\/v2\/media?parent=9324"}],"wp:term":[{"taxonomy":"category","embeddable":true,"href":"https:\/\/informacionlocal.es\/en\/wp-json\/wp\/v2\/categories?post=9324"},{"taxonomy":"post_tag","embeddable":true,"href":"https:\/\/informacionlocal.es\/en\/wp-json\/wp\/v2\/tags?post=9324"}],"curies":[{"name":"wp","href":"https:\/\/api.w.org\/{rel}","templated":true}]}}