{"id":9318,"date":"2025-08-05T16:58:57","date_gmt":"2025-08-05T15:58:57","guid":{"rendered":"https:\/\/informacionlocal.es\/120-personas-en-situacion-de-dependencia-seran-atendidas-en-su-domicilio-en-fuerteventura\/"},"modified":"2025-08-05T16:58:57","modified_gmt":"2025-08-05T15:58:57","slug":"120-personas-en-situacion-de-dependencia-seran-atendidas-en-su-domicilio-en-fuerteventura","status":"publish","type":"post","link":"https:\/\/informacionlocal.es\/en\/120-personas-en-situacion-de-dependencia-seran-atendidas-en-su-domicilio-en-fuerteventura\/","title":{"rendered":"120 personas en situaci\u00f3n de dependencia ser\u00e1n atendidas en su domicilio en Fuerteventura"},"content":{"rendered":"<div class=\"entry-content\"><strong>5 agosto, 2025<\/strong><\/p>\n<p><em><strong>El Cabildo de Fuerteventura pone en marcha el concierto social para prestar, por primera vez en la Isla, el Servicio de Promoci\u00f3n de la Autonom\u00eda Personal (SPAP)<\/strong><\/em><\/p>\n<p>120 personas en situaci\u00f3n de dependencia ser\u00e1n atendidas en domicilio gracias al Servicio de Promoci\u00f3n de la Autonom\u00eda Personal (SPAP) que pondr\u00e1 en marcha el Cabildo de Fuerteventura, por primera vez en la Isla.<\/p>\n<p>El \u00e1rea de Acci\u00f3n Social ha iniciado el procedimiento de concierto social para la gesti\u00f3n del SPAP, tras su publicaci\u00f3n este 4 de agosto en el Bolet\u00edn Oficial de La Provincia de Las Palmas, ascendiendo a casi 1,8 millones de euros en sus dos a\u00f1os iniciales, con posibilidad de pr\u00f3rroga.<\/p>\n<p>Podr\u00e1n acogerse al r\u00e9gimen de concierto social todas las entidades del tercer sector acreditadas para la prestaci\u00f3n del servicio, teniendo un mes de plazo para la presentaci\u00f3n de ofertas, a contar desde la publicaci\u00f3n en el BOP, a trav\u00e9s de la sede electr\u00f3nica del Cabildo: https:\/\/sede.cabildofuer.es\/eAdmin\/Sede.do<\/p>\n<p>La presidenta del Cabildo de Fuerteventura, Lola Garc\u00eda, ha resaltado la atenci\u00f3n a las personas \u201ccomo una de nuestras m\u00e1ximas prioridades desde la Corporaci\u00f3n insular, trabajando para incrementar las plazas sociosanitarias en recursos residenciales y de estancia diurna, y poniendo en marcha ahora este servicio para la mejora de la autonom\u00eda personal con atenci\u00f3n en domicilio\u201d.<\/p>\n<p>El consejero de Acci\u00f3n Social, V\u00edctor Alonso, explica que el SPAP permitir\u00e1 atender a 84 personas mayores y 36 personas con discapacidad en situaci\u00f3n de dependencia. Como finalidad, el servicio permitir\u00e1 desarrollar y mantener la autonom\u00eda de las personas, as\u00ed como facilitar la ejecuci\u00f3n de las actividades de la vida diaria.<\/p>\n<p>El servicio de intervenci\u00f3n individualizada se prestar\u00e1 en el domicilio de las personas beneficiarias, viniendo determinado por el orden establecido en las correspondientes listas de acceso que son remitidas por las Direcci\u00f3n General de Dependencia de la Comunidad Aut\u00f3noma. Se garantizar\u00e1 servicio de asesoramiento y orientaci\u00f3n, asistencia, atenci\u00f3n social y psicol\u00f3gica, servicio de habilitaci\u00f3n psicosocial y terapia ocupacional, logopedia, estimulaci\u00f3n cognitiva, recuperaci\u00f3n de la autonom\u00eda funcional y acompa\u00f1amiento activo.<\/p>\n<p>El SPAP contar\u00e1 con la incorporaci\u00f3n de 23 profesionales entre coordinador\/a, trabajadores\/as sociales, psic\u00f3logos\/as, terapeutas ocupacionales, fisioterapeutas, logopedas, as\u00ed como gerocultores\/as, t\u00e9cnicos\/as superiores en animaci\u00f3n de actividades f\u00edsicas, deportivas y socioculturales.<\/p>\n<\/div>\n","protected":false},"excerpt":{"rendered":"<p>5 agosto, 2025 El Cabildo de Fuerteventura pone en marcha el concierto social para prestar, por primera vez en la Isla, el Servicio de Promoci\u00f3n de la Autonom\u00eda Personal (SPAP) [&hellip;]<\/p>\n","protected":false},"author":1,"featured_media":9320,"comment_status":"open","ping_status":"open","sticky":false,"template":"","format":"standard","meta":{"inline_featured_image":false,"jnews-multi-image_gallery":[],"jnews_single_post":[],"jnews_primary_category":[],"jnews_social_meta":[],"jnews_override_counter":[],"jnews_post_split":[],"footnotes":""},"categories":[58],"tags":[82],"class_list":["post-9318","post","type-post","status-publish","format-standard","has-post-thumbnail","hentry","category-cabildo","tag-fuerteventura"],"jetpack_featured_media_url":"https:\/\/informacionlocal.es\/wp-content\/uploads\/2025\/08\/atencic3b3n-domicilios.jpg","_links":{"self":[{"href":"https:\/\/informacionlocal.es\/en\/wp-json\/wp\/v2\/posts\/9318","targetHints":{"allow":["GET"]}}],"collection":[{"href":"https:\/\/informacionlocal.es\/en\/wp-json\/wp\/v2\/posts"}],"about":[{"href":"https:\/\/informacionlocal.es\/en\/wp-json\/wp\/v2\/types\/post"}],"author":[{"embeddable":true,"href":"https:\/\/informacionlocal.es\/en\/wp-json\/wp\/v2\/users\/1"}],"replies":[{"embeddable":true,"href":"https:\/\/informacionlocal.es\/en\/wp-json\/wp\/v2\/comments?post=9318"}],"version-history":[{"count":0,"href":"https:\/\/informacionlocal.es\/en\/wp-json\/wp\/v2\/posts\/9318\/revisions"}],"wp:featuredmedia":[{"embeddable":true,"href":"https:\/\/informacionlocal.es\/en\/wp-json\/wp\/v2\/media\/9320"}],"wp:attachment":[{"href":"https:\/\/informacionlocal.es\/en\/wp-json\/wp\/v2\/media?parent=9318"}],"wp:term":[{"taxonomy":"category","embeddable":true,"href":"https:\/\/informacionlocal.es\/en\/wp-json\/wp\/v2\/categories?post=9318"},{"taxonomy":"post_tag","embeddable":true,"href":"https:\/\/informacionlocal.es\/en\/wp-json\/wp\/v2\/tags?post=9318"}],"curies":[{"name":"wp","href":"https:\/\/api.w.org\/{rel}","templated":true}]}}