{"id":9306,"date":"2025-08-05T14:16:46","date_gmt":"2025-08-05T13:16:46","guid":{"rendered":"https:\/\/informacionlocal.es\/el-ayuntamiento-de-pajara-felicita-la-labor-de-los-cuerpos-de-seguridad-y-emergencia-en-el-campeonato-mundial-de-windsurf-y-wingfoil-2025\/"},"modified":"2025-08-05T14:16:46","modified_gmt":"2025-08-05T13:16:46","slug":"el-ayuntamiento-de-pajara-felicita-la-labor-de-los-cuerpos-de-seguridad-y-emergencia-en-el-campeonato-mundial-de-windsurf-y-wingfoil-2025","status":"publish","type":"post","link":"https:\/\/informacionlocal.es\/en\/el-ayuntamiento-de-pajara-felicita-la-labor-de-los-cuerpos-de-seguridad-y-emergencia-en-el-campeonato-mundial-de-windsurf-y-wingfoil-2025\/","title":{"rendered":"El Ayuntamiento de P\u00e1jara felicita la labor de los cuerpos de seguridad y emergencia en el Campeonato Mundial de Windsurf y Wingfoil 2025"},"content":{"rendered":"<div class=\"entry-content\">\n<p><b><i>La coordinaci\u00f3n y el apoyo de los diferentes dispositivos de protecci\u00f3n garantizaron el \u00e9xito y el buen desarrollo del evento\u00a0<\/i><\/b><\/p>\n<p><span>El Ayuntamiento de P\u00e1jara pone en valor el trabajo de los cuerpos de seguridad y emergencia en el Campeonato Mundial de Windsurf y Wingfoil 2025, celebrado en el municipio durante dos semanas, con una destacada participaci\u00f3n tanto de deportistas como de miles de asistentes. El evento, celebrado en la playa de La Barca, cont\u00f3 con actividades tanto diurnas como nocturnas, lo que supuso un reto log\u00edstico importante para garantizar la seguridad de todos los involucrados.\u00a0<\/span><\/p>\n<p><span>Desde el inicio, la Junta de Seguridad estableci\u00f3 como objetivo primordial garantizar un entorno seguro, y los resultados han sido muy satisfactorios, con un balance positivo de m\u00ednimas incidencias. La eficaz coordinaci\u00f3n entre los cuerpos de seguridad y los servicios de emergencia fue clave para el \u00e9xito de esta edici\u00f3n del campeonato.\u00a0<\/span><\/p>\n<p><span>El Grupo de Gobierno expresa su agradecimiento a la Polic\u00eda Local de P\u00e1jara, la Polic\u00eda Local de La Oliva, la Guardia Civil, la Polic\u00eda Canaria, as\u00ed como a los servicios sanitarios, Protecci\u00f3n Civil y los socorristas. Su labor y compromiso han sido fundamentales para mantener el orden y la seguridad en todo momento.\u00a0<\/span><\/p>\n<p><span>El Ayuntamiento reafirma su compromiso con la seguridad en futuros eventos, trabajando de la mano de las autoridades y los servicios de emergencias para seguir ofreciendo espacios seguros en los que todos puedan disfrutar de nuestras tradiciones y eventos deportivos de renombre internacional. <\/span><\/p>\n<\/div>\n","protected":false},"excerpt":{"rendered":"<p><i>La coordinaci\u00f3n y el apoyo de los diferentes dispositivos de protecci\u00f3n garantizaron el \u00e9xito y el buen desarrollo del evento\u00a0<\/i><\/p>\n","protected":false},"author":1,"featured_media":9308,"comment_status":"open","ping_status":"open","sticky":false,"template":"","format":"standard","meta":{"inline_featured_image":false,"jnews-multi-image_gallery":[],"jnews_single_post":[],"jnews_primary_category":[],"jnews_social_meta":[],"jnews_override_counter":[],"jnews_post_split":[],"footnotes":""},"categories":[63],"tags":[69,182],"class_list":["post-9306","post","type-post","status-publish","format-standard","has-post-thumbnail","hentry","category-pajara","tag-eventos","tag-seguridad"],"jetpack_featured_media_url":"https:\/\/informacionlocal.es\/wp-content\/uploads\/2025\/08\/servicios-de-emergencia-i.png","_links":{"self":[{"href":"https:\/\/informacionlocal.es\/en\/wp-json\/wp\/v2\/posts\/9306","targetHints":{"allow":["GET"]}}],"collection":[{"href":"https:\/\/informacionlocal.es\/en\/wp-json\/wp\/v2\/posts"}],"about":[{"href":"https:\/\/informacionlocal.es\/en\/wp-json\/wp\/v2\/types\/post"}],"author":[{"embeddable":true,"href":"https:\/\/informacionlocal.es\/en\/wp-json\/wp\/v2\/users\/1"}],"replies":[{"embeddable":true,"href":"https:\/\/informacionlocal.es\/en\/wp-json\/wp\/v2\/comments?post=9306"}],"version-history":[{"count":0,"href":"https:\/\/informacionlocal.es\/en\/wp-json\/wp\/v2\/posts\/9306\/revisions"}],"wp:featuredmedia":[{"embeddable":true,"href":"https:\/\/informacionlocal.es\/en\/wp-json\/wp\/v2\/media\/9308"}],"wp:attachment":[{"href":"https:\/\/informacionlocal.es\/en\/wp-json\/wp\/v2\/media?parent=9306"}],"wp:term":[{"taxonomy":"category","embeddable":true,"href":"https:\/\/informacionlocal.es\/en\/wp-json\/wp\/v2\/categories?post=9306"},{"taxonomy":"post_tag","embeddable":true,"href":"https:\/\/informacionlocal.es\/en\/wp-json\/wp\/v2\/tags?post=9306"}],"curies":[{"name":"wp","href":"https:\/\/api.w.org\/{rel}","templated":true}]}}