{"id":7957,"date":"2025-07-18T17:59:45","date_gmt":"2025-07-18T16:59:45","guid":{"rendered":"https:\/\/informacionlocal.es\/rhymes-and-verses-will-sound-in-the-xx-international-meeting-of-improvisers-in-corralejos-old-town\/"},"modified":"2025-07-18T17:59:45","modified_gmt":"2025-07-18T16:59:45","slug":"rhymes-and-verses-will-sound-in-the-xx-international-meeting-of-improvisers-in-corralejos-old-town","status":"publish","type":"post","link":"https:\/\/informacionlocal.es\/en\/rhymes-and-verses-will-sound-in-the-xx-international-meeting-of-improvisers-in-corralejos-old-town\/","title":{"rendered":"Rhymes and verses will sound in the XX International Meeting of Improvisers in Corralejo&#8217;s Old Town"},"content":{"rendered":"<div class=\"entry-content\"><strong>July 18, 2025<\/strong><\/p>\n<p>The XX International Meeting of Improvisers by the Old Town of Corralejo will be held this Saturday, July 19, at 12.30 pm in the Muellito of Corralejo and at 20.00 pm in the enclosure enabled annex to the pavilion Jos\u00e9 Perdomo Umpierrez. An event that is now in its twentieth edition, having passed through its stages outstanding musicians, singers and verseadores canaries, with representation all the islands and internationally. <\/p>\n<p>The mayor of La Oliva, Isa\u00ed Blanco said: &#8220;One more year we celebrate this cultural event in which improvisation and rhymes serve as a vehicle for the struggle for the visibility of the Old Town of Corralejo and the justice of our people&#8221;.<\/p>\n<p>The Minister of Culture, Rayco Leon, said that &#8220;when a people unites, it is able to win battles. Corralejo is a clear example of this and we must continue to value it&#8221;. He also thanked that &#8220;culture is chosen to make visible and give strength to a cause that has taken important steps in the defense of the people of Corralejo, consolidating itself in the judicial field&#8221;. <\/p>\n<p>Also present at the presentation ceremony were the Councilor for Festivities of the City Council of La Oliva, Omaira Saavedra, the Councilor for Tourism, Marlene Figueroa, and the spokesman of the PP in the Cabildo, Claudio Guti\u00e9rrez, among other authorities.<\/p>\n<p>On behalf of the Collective of Affected by the Old Town of Corralejo, Gregorio Benitez and Miguel Socorro, thanked all the institutions and improvisers for continuing to support the people of Corralejo in this struggle. Not even the pandemic did not stop the 2020 edition that was held virtually and that gathered through the networks the largest participation ever seen, since the same edition brought together many of the participants in the previous ones. The public follow up has been massive in all editions since this social and just cause is supported by the people of Majorca, in addition to the artistic quality of all editions. The event has also served as an extraordinary quarry in which many of the improvisers who are consolidating as a relay of previous generations have been able to take their first steps on stage.   <\/p>\n<p>The 20th edition will be special, and will feature a wide representation of improvisers, musicians and singers from several islands and an international delegation from the island of Cuba and Colombia. The Caribbean voices of Ana Marys Gil and Emiliano Sardi\u00f1as, the regular Colombian troubadour Radioloco and the Cuban poet Ra\u00fal Herrera, who was present in the first edition, will also be present. <\/p>\n<p>From the Archipelago, Domingo Umpi\u00e9rrez El Cuco, Domingo Rodr\u00edguez El Colorao, Jos\u00e9 Mar\u00eda D\u00e1vila, Elena Gonz\u00e1lez, Luis Carballo, Adri\u00e1n Henr\u00edquez, Jos\u00e9 Yeray Rodr\u00edguez, Adriana Medina, Luz Mila Valer\u00f3n, Julia Rodr\u00edguez, Marey Mart\u00edn, Silvestre Ram\u00edrez and Isidro Ram\u00edrez will participate.<\/p>\n<p>This event is organized by the Eight Syllables Foundation and the collective of affected La Raz\u00f3n de un Pueblo por el Casco Viejo de Corralejo, with the support of the Cabildo of Fuerteventura and the City Council of La Oliva.<\/p>\n<\/div>\n","protected":false},"excerpt":{"rendered":"<p>July 18, 2025 The XX International Meeting of Improvisers by the Old Town of Corralejo will be held this Saturday, July 19, at 12.30 pm in the Muellito of Corralejo [&hellip;]<\/p>\n","protected":false},"author":1,"featured_media":7954,"comment_status":"open","ping_status":"open","sticky":false,"template":"","format":"standard","meta":{"inline_featured_image":false,"jnews-multi-image_gallery":[],"jnews_single_post":[],"jnews_primary_category":[],"jnews_social_meta":[],"jnews_override_counter":[],"jnews_post_split":[],"footnotes":""},"categories":[288],"tags":[190],"class_list":["post-7957","post","type-post","status-publish","format-standard","has-post-thumbnail","hentry","category-cabildo-en","tag-fuerteventura-en"],"jetpack_featured_media_url":"https:\/\/informacionlocal.es\/wp-content\/uploads\/2025\/07\/corralejo.jpeg","_links":{"self":[{"href":"https:\/\/informacionlocal.es\/en\/wp-json\/wp\/v2\/posts\/7957","targetHints":{"allow":["GET"]}}],"collection":[{"href":"https:\/\/informacionlocal.es\/en\/wp-json\/wp\/v2\/posts"}],"about":[{"href":"https:\/\/informacionlocal.es\/en\/wp-json\/wp\/v2\/types\/post"}],"author":[{"embeddable":true,"href":"https:\/\/informacionlocal.es\/en\/wp-json\/wp\/v2\/users\/1"}],"replies":[{"embeddable":true,"href":"https:\/\/informacionlocal.es\/en\/wp-json\/wp\/v2\/comments?post=7957"}],"version-history":[{"count":0,"href":"https:\/\/informacionlocal.es\/en\/wp-json\/wp\/v2\/posts\/7957\/revisions"}],"wp:featuredmedia":[{"embeddable":true,"href":"https:\/\/informacionlocal.es\/en\/wp-json\/wp\/v2\/media\/7954"}],"wp:attachment":[{"href":"https:\/\/informacionlocal.es\/en\/wp-json\/wp\/v2\/media?parent=7957"}],"wp:term":[{"taxonomy":"category","embeddable":true,"href":"https:\/\/informacionlocal.es\/en\/wp-json\/wp\/v2\/categories?post=7957"},{"taxonomy":"post_tag","embeddable":true,"href":"https:\/\/informacionlocal.es\/en\/wp-json\/wp\/v2\/tags?post=7957"}],"curies":[{"name":"wp","href":"https:\/\/api.w.org\/{rel}","templated":true}]}}