{"id":7753,"date":"2025-07-16T19:58:51","date_gmt":"2025-07-16T18:58:51","guid":{"rendered":"https:\/\/informacionlocal.es\/fuerteventura-welcomes-the-youth-orchestra-of-the-canary-islands-with-its-carnival-of-the-animals\/"},"modified":"2025-07-16T19:58:51","modified_gmt":"2025-07-16T18:58:51","slug":"fuerteventura-welcomes-the-youth-orchestra-of-the-canary-islands-with-its-carnival-of-the-animals","status":"publish","type":"post","link":"https:\/\/informacionlocal.es\/en\/fuerteventura-welcomes-the-youth-orchestra-of-the-canary-islands-with-its-carnival-of-the-animals\/","title":{"rendered":"Fuerteventura welcomes the Youth Orchestra of the Canary Islands with its &#8216;Carnival of the animals&#8217;."},"content":{"rendered":"<div class=\"entry-content\"><strong>July 16, 2025<\/strong><\/p>\n<p><strong>The concert will take place on Friday, July 25 at 8:00 p.m. at the Palacio de Formaci\u00f3n y Congresos.<\/strong><\/p>\n<p><strong>Fuerteventura welcomes the Youth Orchestra of the Canary Islands with its &#8216;Carnival of the animals&#8217;.<\/strong><\/p>\n<p><strong>The formation is presented in chamber format, under the direction of V\u00edctor Pablo P\u00e9rez and with the musician and humorist V\u00edctor Lemes as narrator.<\/strong><\/p>\n<p><strong>There will be sign language interpreters on stage, as well as special devices for the hearing impaired, free of charge.<\/strong><\/p>\n<p>The <strong>Youth Orchestra of the Canary Islands<\/strong> (JOCAN) will perform the famous work &#8216;<strong>The Carnival of the Animals&#8217;<\/strong> by Camille Saint Sa\u00ebns <strong>in Fuerteventura<\/strong>, where the public can also hear the island version entitled &#8216;<strong>The Carnival of the Canary Animals&#8217;.<\/strong> It will be on <strong>July 25, at 20.00 pm, at the Palace of Training and Congresses<\/strong>, in a concert in chamber format directed by <strong>Victor Pablo Perez<\/strong>, and with a funny script and narration by the musician and comedian <strong>Victor Lemes<\/strong>. Tickets are available at <strong>ecoentradas.com.<\/strong> <\/p>\n<p>It will be part of a tour of several islands of the archipelago, in which there will also be a <strong>special free device for the hearing impaired<\/strong>, who will be able to &#8216;hear&#8217; the concerts through sensory backpacks.<\/p>\n<p><strong>Program<\/strong><\/p>\n<p>The concert will begin with the interpretation of some fragments of &#8216;El Carnaval de los animales canarios&#8217;, in which the island composers <strong>Celia Rivero and Sergio Rodriguez<\/strong>, put music to several <strong>animals that are linked to the archipelago<\/strong>, among others the <strong>giant lizard of El Hierro, the eared bat, the hawkbill bird, the blind crab of Lanzarote and the blue whale<\/strong>; and also the <strong>aquaviva, the tiger butterfly, the Canarian camel, the grouper, the giant tortoise of Tenerife and the sardine. <\/strong>In this case, under the direction of the young Santiago Padilla.<\/p>\n<p>The second part, which incorporates V\u00edctor Lemes as narrator, will be for <strong>&#8216;The Carnival of the Animals&#8217;.<\/strong> This piece was composed by <strong>Saint-Sa\u00ebns<\/strong> in 1886 and is a suite in fourteen movements that he made during a vacation in Austria as a kind of musical joke to entertain his friends. In fact, he forbade it to be published or performed during his lifetime, with the exception of the movement &#8216;The Swan&#8217;, which he considered serious and beautiful. So the work was <strong>publicly premiered after his death in 1922 <\/strong>and became very popular since then, since, although it is a humorous work, it is composed with great mastery and deep knowledge of instrumental color.   <\/p>\n<p>In each of these movements, an animal or scene is depicted with a humorous and parodic touch. For example, in the movement &#8216;Fossils&#8217;, Saint-Sa\u00ebns parodies himself and other colleagues such as Rossini and Offenbach. The piece will be conducted by <strong>V\u00edctor Lemes, <\/strong>who has created an amusing script to accompany the orchestra and act as narrator in the concert.  <\/p>\n<p><strong>With pianists for the first time<\/strong><\/p>\n<p>One of the novelties of this year is that, for the first time, <strong>two young pianists<\/strong> will participate in the JOCAN <strong>,<\/strong> namely <strong>Gabriel \u00c1lvarez Doreste and Natalia Dionis Rodr\u00edguez<\/strong>, chosen in a recent <strong>public call<\/strong>. They will be joined on stage by a selection of musicians chosen from the instrumentalists&#8217; pool of the Youth Orchestra: <strong>Unai Marrero Sim\u00f3n (clarinet); \u00c9rika Guti\u00e9rrez Castillo (double bass), Sara Lorenzo Gonz\u00e1lez (flute); Ra\u00fal Fern\u00e1ndez Morales (percussion); Liz Flor Gonz\u00e1lez Dur\u00e1n (viola); Marie Cooper Aube (violin); In\u00e9s Ruiz Ortiz de Anti\u00f1ano (violin) and Aurora Fibla Tejedas (cello).<\/strong> <\/p>\n<p>Young musicians from the different islands of the Canary Islands, who are currently in the last year of their academic musical training in centers around the world, or recent graduates. For this tour, the JOCAN will once again count on the<strong> young conductor, Santiago Padilla<\/strong>, who accompanied the orchestra in its formative part during last year&#8217;s tour, three years after being selected in a specific public call. On this occasion he will also be responsible for conducting one of the pieces in the program, &#8216;El carnaval de los animales canarios&#8217;.  <\/p>\n<p><strong>Inclusive concerts<\/strong><\/p>\n<p>Given the good reception of its last tour, JOCAN is once again providing its concerts with <strong>some initiatives that will make them inclusive and accessible to everyone<\/strong>, including <strong>people with hearing disabilities<\/strong>. To this end, and in collaboration with <strong>Fundaci\u00f3n DISA,<\/strong> which assumes this sponsorship, it provides the public with <strong>sensory backpacks<\/strong> with which people with hearing problems will be able to enjoy this experience more fully. <\/p>\n<p>There will be ten of these devices, which will be provided free of charge upon request, starting <strong>July 14, by e-mail to <\/strong><strong>jocan@icdcultural.org<\/strong> and invitations will be managed on a first-come, first-served basis. Likewise, and as &#8216;The Carnival of the Animals&#8217; by Saint-Sa\u00ebns incorporates the figure of the narrator, there will also be <strong>an interpreter of Spanish Sign Language LSE<\/strong> on stage <strong>.<\/strong> <\/p>\n<p><a><strong>Almost a decade on stage<\/strong><\/a><\/p>\n<p>JOCAN is a project of the Government of the Canary Islands launched in 2016 as a tool for the training and orchestral practice of young musicians from the islands. A program that materializes with the organization of the so-called Encounters, which several times a year bring together members of the orchestra to prepare a wide range of repertoires that are then performed on tour. All this with the help of a select group of professors and teachers, in addition to being able to work with great international soloists.  <\/p>\n<p>This meeting will be the 23rd since the launching of JOCAN. A week before the start of the tour, the members of these concerts will meet in Tenerife for seven sessions dedicated to training, study, coexistence, rehearsals and preparations. <\/p>\n<p><strong>JOCAN Summer Tour (July 2025)<\/strong><\/p>\n<p>The tour organized by Cultura del <strong>Gobierno de Canarias<\/strong> will start on <strong>Monday, July 21 <\/strong>at Espacio La Granja<strong>, in Tenerife<\/strong>; and will continue <strong>on July 23<\/strong> at Teatro Guiniguada, in <strong>Gran Canaria<\/strong>; <strong>Thursday 24<\/strong> at Teatro Municipal de San Bartolom\u00e9, in <strong>Lanzarote<\/strong>; the following day, <strong>Friday 25 at<\/strong>Palacio de Formaci\u00f3n y Congresos de <strong>Fuerteventura<\/strong>; and <strong>Sunday 27<\/strong> at Auditorio de <strong>La Gomera<\/strong>. The closing concert will be on <strong>Tuesday 29th<\/strong> at the Teatro Circo de Marte, in <strong>La Palma<\/strong>. <\/p>\n<p>\u00a7 Monday 21: Espacio La Granja, in <strong>Tenerife<\/strong> <\/p>\n<p>\u00a7 Wednesday 23: Guiniguada Theater, in <strong>Gran Canaria<\/strong><\/p>\n<p>\u00a7 Thursday 24: Municipal Theater of San Bartolom\u00e9, in <strong>Lanzarote<\/strong><\/p>\n<p>\u00a7 Friday 25: Palacio de Formaci\u00f3n y Congresos, in <strong>Fuerteventura<\/strong><\/p>\n<p>\u00a7 Sunday 27: Auditorio Insular, in <strong>La Gomera<\/strong><\/p>\n<p>\u00a7 Tuesday 29: Teatro Circo de Marte, in <strong>La Palma<\/strong><\/p>\n<p><em>All concerts start at 20.00h.<\/em><\/p>\n<p><em>+ Info and tickets: <\/em><em>https:\/\/www.icdcultural.org\/jocan<\/em><\/p>\n<\/div>\n","protected":false},"excerpt":{"rendered":"<p>July 16, 2025 The concert will take place on Friday, July 25 at 8:00 p.m. at the Palacio de Formaci\u00f3n y Congresos. Fuerteventura welcomes the Youth Orchestra of the Canary [&hellip;]<\/p>\n","protected":false},"author":1,"featured_media":7750,"comment_status":"open","ping_status":"open","sticky":false,"template":"","format":"standard","meta":{"inline_featured_image":false,"jnews-multi-image_gallery":[],"jnews_single_post":[],"jnews_primary_category":[],"jnews_social_meta":[],"jnews_override_counter":[],"jnews_post_split":[],"footnotes":""},"categories":[288],"tags":[190],"class_list":["post-7753","post","type-post","status-publish","format-standard","has-post-thumbnail","hentry","category-cabildo-en","tag-fuerteventura-en"],"jetpack_featured_media_url":"https:\/\/informacionlocal.es\/wp-content\/uploads\/2025\/07\/eeeeefef.jpeg","_links":{"self":[{"href":"https:\/\/informacionlocal.es\/en\/wp-json\/wp\/v2\/posts\/7753","targetHints":{"allow":["GET"]}}],"collection":[{"href":"https:\/\/informacionlocal.es\/en\/wp-json\/wp\/v2\/posts"}],"about":[{"href":"https:\/\/informacionlocal.es\/en\/wp-json\/wp\/v2\/types\/post"}],"author":[{"embeddable":true,"href":"https:\/\/informacionlocal.es\/en\/wp-json\/wp\/v2\/users\/1"}],"replies":[{"embeddable":true,"href":"https:\/\/informacionlocal.es\/en\/wp-json\/wp\/v2\/comments?post=7753"}],"version-history":[{"count":0,"href":"https:\/\/informacionlocal.es\/en\/wp-json\/wp\/v2\/posts\/7753\/revisions"}],"wp:featuredmedia":[{"embeddable":true,"href":"https:\/\/informacionlocal.es\/en\/wp-json\/wp\/v2\/media\/7750"}],"wp:attachment":[{"href":"https:\/\/informacionlocal.es\/en\/wp-json\/wp\/v2\/media?parent=7753"}],"wp:term":[{"taxonomy":"category","embeddable":true,"href":"https:\/\/informacionlocal.es\/en\/wp-json\/wp\/v2\/categories?post=7753"},{"taxonomy":"post_tag","embeddable":true,"href":"https:\/\/informacionlocal.es\/en\/wp-json\/wp\/v2\/tags?post=7753"}],"curies":[{"name":"wp","href":"https:\/\/api.w.org\/{rel}","templated":true}]}}