{"id":7621,"date":"2025-07-15T19:58:49","date_gmt":"2025-07-15T18:58:49","guid":{"rendered":"https:\/\/informacionlocal.es\/the-cabildo-and-padilla-supermercados-spar-launch-the-initiative-fuerteventura-for-a-healthy-old-age-within-the-neuromajo-2025-project\/"},"modified":"2025-07-15T19:58:49","modified_gmt":"2025-07-15T18:58:49","slug":"the-cabildo-and-padilla-supermercados-spar-launch-the-initiative-fuerteventura-for-a-healthy-old-age-within-the-neuromajo-2025-project","status":"publish","type":"post","link":"https:\/\/informacionlocal.es\/en\/the-cabildo-and-padilla-supermercados-spar-launch-the-initiative-fuerteventura-for-a-healthy-old-age-within-the-neuromajo-2025-project\/","title":{"rendered":"The Cabildo and Padilla Supermercados Spar launch the initiative &#8216;Fuerteventura, for a healthy old age&#8217; within the NeuroMajo 2025 project."},"content":{"rendered":"<div class=\"entry-content\"><strong>July 15, 2025<\/strong><\/p>\n<p><em><strong>Participants receive discount cards for the purchase of healthy products, thanks to an agreement signed by Cabildo, Padilla Supermercados and Asociaci\u00f3n Neurol\u00edmpica.<\/strong><\/em><\/p>\n<p>The Cabildo of Fuerteventura has signed today the agreement &#8216;Fuerteventura, for a healthy old age&#8217; with Neurol\u00edmpica Association and Padilla Supermercados Spar. An initiative that has allowed to deliver discount cards for the purchase of healthy products and basic necessities to the participants of the project NeuroMajo2025 of the Department of Social Action of the Island Corporation. <\/p>\n<p>The president of the Cabildo of Fuerteventura, Lola Garcia, explains that, &#8220;with this action, we appreciate the effort and dedication that our elders make, overcoming challenges, learning and, above all, enjoying the activity NeuroMajo2025, which is our goal from the Cabildo&#8221;.<\/p>\n<p>The Councilor for Social Action, Victor Alonso, said that &#8220;from the Cabildo we continue to work with and for the elderly, with the involvement from the first minute of all municipalities in the NeuroMajo2025&#8221;. &#8220;Since March we have started with the training and today we thank the efforts of all the participants through this agreement with Padilla Supermercados Spar&#8221;. <\/p>\n<p>On behalf of Padilla Supermercados Spar, Juan Alberto Padilla, explained that &#8220;this is a way to support the people who join the NeuroMajo initiative, who will have discounts on 43 families of products, in the 16 establishments we have on the island&#8221;. &#8220;An action that motivates us to continue creating initiatives of a social nature&#8221;. <\/p>\n<p>Besay Rodriguez, president of Neurol\u00edmpica Association, said that &#8220;Fuerteventura has been determined to be a pioneer in everything that has to do with the Neurolimpiadas. Last year, was the first island to make full with all municipalities participating in the activity and, this year, continues to innovate with an agreement that benefits the people who compete in the Neuromajo. This speaks very well of the involvement of the Cabildo and of all the participants&#8221;.<\/p>\n<p>At the signing ceremony were present about a hundred of the three hundred people participating this year in NeuroMajo2025, who wanted to be present at today&#8217;s event. They collected the discount cards a representation of participants from each municipality: Lucas Hern\u00e1ndez and Pilar P\u00e9rez representing the municipality of Tuineje, Milagros Falc\u00f3n Gordillo and Amelia S\u00e1nchez from the municipality of Antigua, Yolanda Padilla and Kalala Cabrera from the municipality of Betancuria, To\u00f1i Alonso and Ram\u00f3n Ernesto Garc\u00eda from Puerto del Rosario, Juana Rosa Naranjo and Jos\u00e9 Mart\u00edn from La Oliva and Mar\u00eda del Carmen Rodr\u00edguez Quesada and Manuel Hern\u00e1ndez from the municipality of P\u00e1jara. <\/p>\n<p>They were accompanied by councilors Kathaisa Rodr\u00edguez and \u00c1ngeles Acosta (P\u00e1jara), Am\u00e9rica Soto (Antigua), Jennifer P\u00e9rez (Puerto del Rosario) and Joana P\u00e9rez (La Oliva). Nayra Pe\u00f1a Cabrera also participated on behalf of Tuineje. The event was also attended by the councilors Adargoma Hernandez and Marlene Figueroa of the Cabildo of Fuerteventura, and the island director of the General Administration of the State, Maria Jesus de la Cruz, among other authorities.  <\/p>\n<p><strong>NeuroMajo 2025<\/strong><\/p>\n<p>After the success of its first edition, NeuroMajo has returned this year, with the collaboration again of the six municipalities and the Neurol\u00edmpica Association. The competition will take place next September 26, 27 and 28 at the facilities of the Experimental Farm of Pozo Negro, with the participation, currently, of 300 participants. Last June, the &#8216;friendly matches&#8217; began within the framework of this activity.  <\/p>\n<\/div>\n","protected":false},"excerpt":{"rendered":"<p>July 15, 2025 Participants receive discount cards for the purchase of healthy products, thanks to an agreement signed by Cabildo, Padilla Supermercados and Asociaci\u00f3n Neurol\u00edmpica. The Cabildo of Fuerteventura has [&hellip;]<\/p>\n","protected":false},"author":1,"featured_media":7618,"comment_status":"open","ping_status":"open","sticky":false,"template":"","format":"standard","meta":{"inline_featured_image":false,"jnews-multi-image_gallery":[],"jnews_single_post":[],"jnews_primary_category":[],"jnews_social_meta":[],"jnews_override_counter":[],"jnews_post_split":[],"footnotes":""},"categories":[288],"tags":[190,186],"class_list":["post-7621","post","type-post","status-publish","format-standard","has-post-thumbnail","hentry","category-cabildo-en","tag-fuerteventura-en","tag-municipios-en"],"jetpack_featured_media_url":"https:\/\/informacionlocal.es\/wp-content\/uploads\/2025\/07\/ddd-3.jpeg","_links":{"self":[{"href":"https:\/\/informacionlocal.es\/en\/wp-json\/wp\/v2\/posts\/7621","targetHints":{"allow":["GET"]}}],"collection":[{"href":"https:\/\/informacionlocal.es\/en\/wp-json\/wp\/v2\/posts"}],"about":[{"href":"https:\/\/informacionlocal.es\/en\/wp-json\/wp\/v2\/types\/post"}],"author":[{"embeddable":true,"href":"https:\/\/informacionlocal.es\/en\/wp-json\/wp\/v2\/users\/1"}],"replies":[{"embeddable":true,"href":"https:\/\/informacionlocal.es\/en\/wp-json\/wp\/v2\/comments?post=7621"}],"version-history":[{"count":0,"href":"https:\/\/informacionlocal.es\/en\/wp-json\/wp\/v2\/posts\/7621\/revisions"}],"wp:featuredmedia":[{"embeddable":true,"href":"https:\/\/informacionlocal.es\/en\/wp-json\/wp\/v2\/media\/7618"}],"wp:attachment":[{"href":"https:\/\/informacionlocal.es\/en\/wp-json\/wp\/v2\/media?parent=7621"}],"wp:term":[{"taxonomy":"category","embeddable":true,"href":"https:\/\/informacionlocal.es\/en\/wp-json\/wp\/v2\/categories?post=7621"},{"taxonomy":"post_tag","embeddable":true,"href":"https:\/\/informacionlocal.es\/en\/wp-json\/wp\/v2\/tags?post=7621"}],"curies":[{"name":"wp","href":"https:\/\/api.w.org\/{rel}","templated":true}]}}