{"id":5681,"date":"2025-06-17T16:54:10","date_gmt":"2025-06-17T16:54:10","guid":{"rendered":"https:\/\/informacionlocal.es\/puerto-del-rosario-presents-the-macro-sports-event-sol-y-luna-to-be-held-on-saturday-june-21-in-playa-blanca\/"},"modified":"2025-06-17T16:54:10","modified_gmt":"2025-06-17T16:54:10","slug":"puerto-del-rosario-presents-the-macro-sports-event-sol-y-luna-to-be-held-on-saturday-june-21-in-playa-blanca","status":"publish","type":"post","link":"https:\/\/informacionlocal.es\/en\/puerto-del-rosario-presents-the-macro-sports-event-sol-y-luna-to-be-held-on-saturday-june-21-in-playa-blanca\/","title":{"rendered":"Puerto del Rosario presents the macro-sports event \u201cSol y Luna\u201d to be held on Saturday June 21 in Playa Blanca"},"content":{"rendered":"<div class=\"entry-content\">\n<p>At noon on Tuesday, June 17, the XX edition of the macro sports event \u201cSol y Luna\u201d was presented at the hotel \u201cEl Mirador\u201d (former Parador).<\/p>\n<p>This Saturday, June 21, starting at 10:00 a.m., Playa Blanca celebrates a multitude of sporting events, with performances by Son de Aqu\u00ed y All\u00e1, DJ Evando Moreira, DJ Alfonso, Javi Chac\u00f3n, Alma Rebelde, Los Ochenteros, Taknara and DJ Ricardo Araujo.<\/p>\n<p>There will be free bus transportation every 30 minutes from the bus station in Puerto del Rosario.<\/p>\n<p>The <strong>mayor, David de Vera<\/strong>, invites \u201ceveryone to enjoy with family and friends this special day in the municipality, in a consolidated event where athletes of all ages gather every year\u201d.<\/p>\n<p>The <strong>sports councilman, Luis Chac\u00f3n,<\/strong> \u201cthanks all those who make this event possible and encourages participation in a special place where sport and culture come together\u201d.<\/p>\n<p>From the town hall of Puerto del Rosario, everyone is encouraged to enjoy this Saturday with \u201cSol y Luna\u201d in Playa Blanca.<\/p>\n<p>Note: All information on activities in municipal social networks and event brochures.<\/p>\n<\/div>\n","protected":false},"excerpt":{"rendered":"<p>At noon on Tuesday, June 17, the XX edition of the macro sports event \u201cSol y Luna\u201d was presented at the hotel \u201cEl Mirador\u201d (former Parador). This Saturday, June 21, [&hellip;]<\/p>\n","protected":false},"author":1,"featured_media":5678,"comment_status":"open","ping_status":"open","sticky":false,"template":"","format":"standard","meta":{"inline_featured_image":false,"jnews-multi-image_gallery":[],"jnews_single_post":[],"jnews_primary_category":[],"jnews_social_meta":[],"jnews_override_counter":[],"jnews_post_split":[],"footnotes":""},"categories":[294],"tags":[],"class_list":["post-5681","post","type-post","status-publish","format-standard","has-post-thumbnail","hentry","category-puerto-del-rosario-en"],"jetpack_featured_media_url":"https:\/\/informacionlocal.es\/wp-content\/uploads\/2025\/06\/solyluna-25-titu-pre-grupo-grande.jpg","_links":{"self":[{"href":"https:\/\/informacionlocal.es\/en\/wp-json\/wp\/v2\/posts\/5681","targetHints":{"allow":["GET"]}}],"collection":[{"href":"https:\/\/informacionlocal.es\/en\/wp-json\/wp\/v2\/posts"}],"about":[{"href":"https:\/\/informacionlocal.es\/en\/wp-json\/wp\/v2\/types\/post"}],"author":[{"embeddable":true,"href":"https:\/\/informacionlocal.es\/en\/wp-json\/wp\/v2\/users\/1"}],"replies":[{"embeddable":true,"href":"https:\/\/informacionlocal.es\/en\/wp-json\/wp\/v2\/comments?post=5681"}],"version-history":[{"count":0,"href":"https:\/\/informacionlocal.es\/en\/wp-json\/wp\/v2\/posts\/5681\/revisions"}],"wp:featuredmedia":[{"embeddable":true,"href":"https:\/\/informacionlocal.es\/en\/wp-json\/wp\/v2\/media\/5678"}],"wp:attachment":[{"href":"https:\/\/informacionlocal.es\/en\/wp-json\/wp\/v2\/media?parent=5681"}],"wp:term":[{"taxonomy":"category","embeddable":true,"href":"https:\/\/informacionlocal.es\/en\/wp-json\/wp\/v2\/categories?post=5681"},{"taxonomy":"post_tag","embeddable":true,"href":"https:\/\/informacionlocal.es\/en\/wp-json\/wp\/v2\/tags?post=5681"}],"curies":[{"name":"wp","href":"https:\/\/api.w.org\/{rel}","templated":true}]}}