{"id":5549,"date":"2025-06-16T11:49:34","date_gmt":"2025-06-16T11:49:34","guid":{"rendered":"https:\/\/informacionlocal.es\/local-artists-of-the-escuela-municipal-de-musica-emma-this-wednesday-in-concert-at-the-auditorium-of-antigua\/"},"modified":"2025-06-16T11:49:34","modified_gmt":"2025-06-16T11:49:34","slug":"local-artists-of-the-escuela-municipal-de-musica-emma-this-wednesday-in-concert-at-the-auditorium-of-antigua","status":"publish","type":"post","link":"https:\/\/informacionlocal.es\/en\/local-artists-of-the-escuela-municipal-de-musica-emma-this-wednesday-in-concert-at-the-auditorium-of-antigua\/","title":{"rendered":"Local artists of the Escuela Municipal de M\u00fasica EMMA this Wednesday in concert at the Auditorium of Antigua."},"content":{"rendered":"<div class=\"elementor-widget-container\">\n<p><strong>Local artists of the Escuela Municipal de M\u00fasica EMMA this Wednesday in concert at the Auditorium of Antigua.<\/strong><\/p>\n<p><strong>&#8211; Students of the Escuela Municipal de M\u00fasica de Antigua, EMMA, take the stage this Wednesday June 18 from 17:00 to 19:00 hours in the Auditorium of Antigua.  <\/strong><br \/><strong>&#8211; Admission is completely free and neighbors are encouraged to attend to enjoy the local talents that every week rehearse and strive to learn at the Municipal School of Music, says the Councilman of Culture, Jonathan Pe\u00f1a.<\/strong><\/p>\n<p>The Municipal School of Music of Antigua, EMMA, promoted by the City Council of Antigua from the Department of Culture, closes the year with a Musical Concert in style, starring students of all ages and different modalities.<\/p>\n<p>I appreciate the courage of the students, says the mayor of Antigua, Mat\u00edas Pe\u00f1a Garc\u00eda, who take the stage and show us their talent and learned level, performing musical themes known to all, rehearsed in the classes taught every week in Antigua.<\/p>\n<p>The youngest children, accompanied by their rhythm and musical language teacher, will perform a percussion demonstration using improvised cubes as an instrument, explains the Councilor for Culture, Jonathan Pe\u00f1a, and the older children, along with their teachers, will perform a cappella songs, piano, accompanied by guitar, drums or saxophone, in groups or as soloists.<\/p>\n<p>The End of Course Concert will be held this Wednesday, June 18 from 17:00 to 19:00 hours in the Auditorium of Antigua, with free admission. Encourages neighbors, big or small attend to enjoy the local talents who every week rehearse and strive to learn in the Municipal School of Music, adds the Councilman of Culture, Jonathan Pe\u00f1a. <\/p>\n<\/p>\n<\/div>\n","protected":false},"excerpt":{"rendered":"<p><strong>Local artists of the Escuela Municipal de M\u00fasica EMMA this Wednesday in concert at the Auditorium of Antigua.<\/strong><\/p>\n","protected":false},"author":1,"featured_media":5546,"comment_status":"open","ping_status":"open","sticky":false,"template":"","format":"standard","meta":{"inline_featured_image":false,"jnews-multi-image_gallery":[],"jnews_single_post":[],"jnews_primary_category":[],"jnews_social_meta":[],"jnews_override_counter":[],"jnews_post_split":[],"footnotes":""},"categories":[281],"tags":[],"class_list":["post-5549","post","type-post","status-publish","format-standard","has-post-thumbnail","hentry","category-antigua-en"],"jetpack_featured_media_url":"https:\/\/informacionlocal.es\/wp-content\/uploads\/2025\/06\/imagen-de-whatsapp-2025-06-13-a-las-12-59-54_142fa085-1.jpg","_links":{"self":[{"href":"https:\/\/informacionlocal.es\/en\/wp-json\/wp\/v2\/posts\/5549","targetHints":{"allow":["GET"]}}],"collection":[{"href":"https:\/\/informacionlocal.es\/en\/wp-json\/wp\/v2\/posts"}],"about":[{"href":"https:\/\/informacionlocal.es\/en\/wp-json\/wp\/v2\/types\/post"}],"author":[{"embeddable":true,"href":"https:\/\/informacionlocal.es\/en\/wp-json\/wp\/v2\/users\/1"}],"replies":[{"embeddable":true,"href":"https:\/\/informacionlocal.es\/en\/wp-json\/wp\/v2\/comments?post=5549"}],"version-history":[{"count":0,"href":"https:\/\/informacionlocal.es\/en\/wp-json\/wp\/v2\/posts\/5549\/revisions"}],"wp:featuredmedia":[{"embeddable":true,"href":"https:\/\/informacionlocal.es\/en\/wp-json\/wp\/v2\/media\/5546"}],"wp:attachment":[{"href":"https:\/\/informacionlocal.es\/en\/wp-json\/wp\/v2\/media?parent=5549"}],"wp:term":[{"taxonomy":"category","embeddable":true,"href":"https:\/\/informacionlocal.es\/en\/wp-json\/wp\/v2\/categories?post=5549"},{"taxonomy":"post_tag","embeddable":true,"href":"https:\/\/informacionlocal.es\/en\/wp-json\/wp\/v2\/tags?post=5549"}],"curies":[{"name":"wp","href":"https:\/\/api.w.org\/{rel}","templated":true}]}}