{"id":4544,"date":"2025-05-29T11:16:10","date_gmt":"2025-05-29T11:16:10","guid":{"rendered":"https:\/\/informacionlocal.es\/the-city-council-of-pajara-conditions-the-path-of-the-montana-del-cardon-for-the-pilgrimage-of-el-tanquito\/"},"modified":"2025-05-29T11:16:10","modified_gmt":"2025-05-29T11:16:10","slug":"the-city-council-of-pajara-conditions-the-path-of-the-montana-del-cardon-for-the-pilgrimage-of-el-tanquito","status":"publish","type":"post","link":"https:\/\/informacionlocal.es\/en\/the-city-council-of-pajara-conditions-the-path-of-the-montana-del-cardon-for-the-pilgrimage-of-el-tanquito\/","title":{"rendered":"The City Council of P\u00e1jara conditions the path of the Monta\u00f1a del Card\u00f3n for the pilgrimage of El Tanquito"},"content":{"rendered":"<div class=\"entry-content\">\n<p><b><i>The Environment Department crew carries out cleaning, clearing and access improvement tasks to ensure safety during the local festivities.<\/i><\/b><\/p>\n<p><span>The City Council of P\u00e1jara, through the Department of Environment, culminates a comprehensive action of conditioning the path of the Monta\u00f1a del Card\u00f3n, on the occasion of the upcoming celebration of the Romer\u00eda de las Fiestas del Tanquito.<\/span><\/p>\n<p><span>The work carried out included not only the cleaning of the trail, but also the clearing of vegetation and the improvement of the accesses, in order to facilitate safe and comfortable transit for the attendees. In addition, waste was removed, as part of the municipal commitment to the care and conservation of the environment.   <\/span><\/p>\n<p><span>The Councilor for the Environment, \u00c1ngeles Acosta, stresses the importance of these actions for the enjoyment of the local festivities. \u201cWe want the celebrations to take place in a safe, clean and respected environment for everyone. These actions are part of our responsibility to protect and value our natural heritage,\u201d she says.   <\/span><\/p>\n<p><span>For his part, the mayor of P\u00e1jara, Alejandro Jorge, appreciates the work done by the crew of the Environment area and reaffirms the commitment of the consistory with the welfare of citizens and the protection of natural space. \u201cWe invite everyone to enjoy the Tanquito festivities with responsibility,\u201d he says.   <\/span><\/p>\n<p><span>The City Council will continue to strengthen its environmental awareness efforts, promoting good practices among neighbors and visitors to the municipality and reminding them of the importance of preserving the natural environment of the municipality.  <\/span><\/p>\n<\/div>\n","protected":false},"excerpt":{"rendered":"<p><i>The Environment Department crew carries out cleaning, clearing and access improvement tasks to ensure safety during the local festivities.<\/i><\/p>\n","protected":false},"author":1,"featured_media":4541,"comment_status":"open","ping_status":"open","sticky":false,"template":"","format":"standard","meta":{"inline_featured_image":false,"jnews-multi-image_gallery":[],"jnews_single_post":[],"jnews_primary_category":[],"jnews_social_meta":[],"jnews_override_counter":[],"jnews_post_split":[],"footnotes":""},"categories":[296],"tags":[188],"class_list":["post-4544","post","type-post","status-publish","format-standard","has-post-thumbnail","hentry","category-pajara-en","tag-medio-ambiente-en"],"jetpack_featured_media_url":"https:\/\/informacionlocal.es\/wp-content\/uploads\/2025\/05\/tfotos-del-tanquito-1.png","_links":{"self":[{"href":"https:\/\/informacionlocal.es\/en\/wp-json\/wp\/v2\/posts\/4544","targetHints":{"allow":["GET"]}}],"collection":[{"href":"https:\/\/informacionlocal.es\/en\/wp-json\/wp\/v2\/posts"}],"about":[{"href":"https:\/\/informacionlocal.es\/en\/wp-json\/wp\/v2\/types\/post"}],"author":[{"embeddable":true,"href":"https:\/\/informacionlocal.es\/en\/wp-json\/wp\/v2\/users\/1"}],"replies":[{"embeddable":true,"href":"https:\/\/informacionlocal.es\/en\/wp-json\/wp\/v2\/comments?post=4544"}],"version-history":[{"count":0,"href":"https:\/\/informacionlocal.es\/en\/wp-json\/wp\/v2\/posts\/4544\/revisions"}],"wp:featuredmedia":[{"embeddable":true,"href":"https:\/\/informacionlocal.es\/en\/wp-json\/wp\/v2\/media\/4541"}],"wp:attachment":[{"href":"https:\/\/informacionlocal.es\/en\/wp-json\/wp\/v2\/media?parent=4544"}],"wp:term":[{"taxonomy":"category","embeddable":true,"href":"https:\/\/informacionlocal.es\/en\/wp-json\/wp\/v2\/categories?post=4544"},{"taxonomy":"post_tag","embeddable":true,"href":"https:\/\/informacionlocal.es\/en\/wp-json\/wp\/v2\/tags?post=4544"}],"curies":[{"name":"wp","href":"https:\/\/api.w.org\/{rel}","templated":true}]}}