{"id":4532,"date":"2025-05-28T15:56:56","date_gmt":"2025-05-28T15:56:56","guid":{"rendered":"https:\/\/informacionlocal.es\/taste-puerto-del-rosario-returns-to-the-maritime-avenue-as-a-prelude-to-the-baile-de-taifas-taifas-dance\/"},"modified":"2025-05-28T15:56:56","modified_gmt":"2025-05-28T15:56:56","slug":"taste-puerto-del-rosario-returns-to-the-maritime-avenue-as-a-prelude-to-the-baile-de-taifas-taifas-dance","status":"publish","type":"post","link":"https:\/\/informacionlocal.es\/en\/taste-puerto-del-rosario-returns-to-the-maritime-avenue-as-a-prelude-to-the-baile-de-taifas-taifas-dance\/","title":{"rendered":"Taste Puerto del Rosario returns to the maritime avenue as a prelude to the Baile de Taifas (Taifas Dance)."},"content":{"rendered":"<div class=\"entry-content\">\n<p>On Thursday, May 29, the maritime avenue of Puerto del Rosario will become the epicenter of flavor and local tradition with a new edition of \u201cTaste Puerto del Rosario\u201d, an initiative organized by the Department of the Primary Sector of the City of Puerto del Rosario, under the direction of Councilman David de Le\u00f3n, and supported by Volcanic Xperience, a program belonging to the Ministry of Agriculture, Livestock, Fisheries and Food Sovereignty of the Canary Islands Government.<\/p>\n<p>The event will take place from 10:00 to 13:00 hours and will serve as a prelude to the expected Baile de Taifas, to be held on Thursday afternoon at the fairgrounds of Puerto del Rosario, within the events commemorating the Day of the Canary Islands.<\/p>\n<p>During the day, attendees will be able to taste some of the most representative products of the primary sector of the municipality, such as cheeses made by the cheese factory Felipa La Monta\u00f1eta (Casillas del \u00c1ngel), Queser\u00eda Quesos Tetir, and Queser\u00eda La Ampuyenta, directed by H\u00e9ctor Cabrera. The offer will be completed with seasoned tomatoes from the municipality, artisan bread, and for those with a sweet tooth, the typical rosquetes of the Panarte Zen\u00f3n Bakery, located in Tetir. <\/p>\n<p>A perfect opportunity to enjoy the authentic flavor of Puerto del Rosario in a privileged environment such as its maritime avenue, and to continue supporting local producers, authentic protagonists of the island&#8217;s gastronomic identity.<\/p>\n<\/div>\n","protected":false},"excerpt":{"rendered":"<p>On Thursday, May 29, the maritime avenue of Puerto del Rosario will become the epicenter of flavor and local tradition with a new edition of \u201cTaste Puerto del Rosario\u201d, an [&hellip;]<\/p>\n","protected":false},"author":1,"featured_media":4529,"comment_status":"open","ping_status":"open","sticky":false,"template":"","format":"standard","meta":{"inline_featured_image":false,"jnews-multi-image_gallery":[],"jnews_single_post":[],"jnews_primary_category":[],"jnews_social_meta":[],"jnews_override_counter":[],"jnews_post_split":[],"footnotes":""},"categories":[294],"tags":[],"class_list":["post-4532","post","type-post","status-publish","format-standard","has-post-thumbnail","hentry","category-puerto-del-rosario-en"],"jetpack_featured_media_url":"https:\/\/informacionlocal.es\/wp-content\/uploads\/2025\/05\/saborea-matorral-cartel-y-productos-1.jpg","_links":{"self":[{"href":"https:\/\/informacionlocal.es\/en\/wp-json\/wp\/v2\/posts\/4532","targetHints":{"allow":["GET"]}}],"collection":[{"href":"https:\/\/informacionlocal.es\/en\/wp-json\/wp\/v2\/posts"}],"about":[{"href":"https:\/\/informacionlocal.es\/en\/wp-json\/wp\/v2\/types\/post"}],"author":[{"embeddable":true,"href":"https:\/\/informacionlocal.es\/en\/wp-json\/wp\/v2\/users\/1"}],"replies":[{"embeddable":true,"href":"https:\/\/informacionlocal.es\/en\/wp-json\/wp\/v2\/comments?post=4532"}],"version-history":[{"count":0,"href":"https:\/\/informacionlocal.es\/en\/wp-json\/wp\/v2\/posts\/4532\/revisions"}],"wp:featuredmedia":[{"embeddable":true,"href":"https:\/\/informacionlocal.es\/en\/wp-json\/wp\/v2\/media\/4529"}],"wp:attachment":[{"href":"https:\/\/informacionlocal.es\/en\/wp-json\/wp\/v2\/media?parent=4532"}],"wp:term":[{"taxonomy":"category","embeddable":true,"href":"https:\/\/informacionlocal.es\/en\/wp-json\/wp\/v2\/categories?post=4532"},{"taxonomy":"post_tag","embeddable":true,"href":"https:\/\/informacionlocal.es\/en\/wp-json\/wp\/v2\/tags?post=4532"}],"curies":[{"name":"wp","href":"https:\/\/api.w.org\/{rel}","templated":true}]}}