{"id":4484,"date":"2025-05-28T09:39:08","date_gmt":"2025-05-28T09:39:08","guid":{"rendered":"https:\/\/informacionlocal.es\/antigua-celebrates-the-day-of-the-canary-islands-with-a-great-baile-de-taifas-traditional-dance\/"},"modified":"2025-05-28T09:39:08","modified_gmt":"2025-05-28T09:39:08","slug":"antigua-celebrates-the-day-of-the-canary-islands-with-a-great-baile-de-taifas-traditional-dance","status":"publish","type":"post","link":"https:\/\/informacionlocal.es\/en\/antigua-celebrates-the-day-of-the-canary-islands-with-a-great-baile-de-taifas-traditional-dance\/","title":{"rendered":"Antigua celebrates the Day of the Canary Islands with a great Baile de Taifas (traditional dance)"},"content":{"rendered":"<div class=\"elementor-widget-container\">\n<p><strong>Antigua celebrates the Day of the Canary Islands with a great Baile de Taifas (traditional dance)<\/strong><\/p>\n<p><strong>&#8211; In the square of Antigua from 13:00 to 19:00 hours with performances by the parrandas Mayores de Antigua, El Campillo, Son de Anta\u00f1o and the popular music group Amol\u00e1n.  <\/strong><br \/><strong>&#8211; Everything is ready to enjoy a day of traditions, folklore, gastronomy and celebration of the Day of the Canary Islands, both for those who are and those who are, live and respect this Canary land, says the mayor, Matias Pe\u00f1a.<\/strong><\/p>\n<p>Everything is ready to enjoy and celebrate together the Day of the Canary Islands in Antigua, both for those of us and for those who feel from here, and respect this land of traditions, music and tasty gastronomy, says the mayor, Mat\u00edas Pe\u00f1a Garc\u00eda.<\/p>\n<p>Tables prepared for associations, family groups, groups of friends, parrandas and collectives, in which there will surely be no shortage of Canarian stews and dishes, mojo sauces, sancocho and papas arrug\u00e1s, adds the councilman of Culture, Jonathan Pe\u00f1a, and of course, the music of the timple, the bandurria or the drum marking the rhythms that characterize us as isas, fol\u00edas or seguidillas.<\/p>\n<p>The Councilman of Culture, recalls and advises to come dressed in Canarian attire to make the most of the Day of the Canary Islands and the Baile de Taifas that we have organized in which everyone is welcome because if there is something that characterizes the canaries and canaries is to be welcoming, friendly and very good hosts.<\/p>\n<p>On stage, the performances of the parrandas Mayores de Antigua, El Campillo, Son de Anta\u00f1o and the popular music group Amol\u00e1n, star in the Baile de Taifas from 13:00 to 19:00 hours in a square of Antigua decorated for the occasion.<\/p>\n<\/p>\n<\/div>\n","protected":false},"excerpt":{"rendered":"<p><strong>Antigua celebrates the Day of the Canary Islands with a great Baile de Taifas (traditional dance)<\/strong><\/p>\n","protected":false},"author":1,"featured_media":4481,"comment_status":"open","ping_status":"open","sticky":false,"template":"","format":"standard","meta":{"inline_featured_image":false,"jnews-multi-image_gallery":[],"jnews_single_post":[],"jnews_primary_category":[],"jnews_social_meta":[],"jnews_override_counter":[],"jnews_post_split":[],"footnotes":""},"categories":[281],"tags":[],"class_list":["post-4484","post","type-post","status-publish","format-standard","has-post-thumbnail","hentry","category-antigua-en"],"jetpack_featured_media_url":"https:\/\/informacionlocal.es\/wp-content\/uploads\/2025\/05\/diacanantigua-9-scaled-1.jpg","_links":{"self":[{"href":"https:\/\/informacionlocal.es\/en\/wp-json\/wp\/v2\/posts\/4484","targetHints":{"allow":["GET"]}}],"collection":[{"href":"https:\/\/informacionlocal.es\/en\/wp-json\/wp\/v2\/posts"}],"about":[{"href":"https:\/\/informacionlocal.es\/en\/wp-json\/wp\/v2\/types\/post"}],"author":[{"embeddable":true,"href":"https:\/\/informacionlocal.es\/en\/wp-json\/wp\/v2\/users\/1"}],"replies":[{"embeddable":true,"href":"https:\/\/informacionlocal.es\/en\/wp-json\/wp\/v2\/comments?post=4484"}],"version-history":[{"count":0,"href":"https:\/\/informacionlocal.es\/en\/wp-json\/wp\/v2\/posts\/4484\/revisions"}],"wp:featuredmedia":[{"embeddable":true,"href":"https:\/\/informacionlocal.es\/en\/wp-json\/wp\/v2\/media\/4481"}],"wp:attachment":[{"href":"https:\/\/informacionlocal.es\/en\/wp-json\/wp\/v2\/media?parent=4484"}],"wp:term":[{"taxonomy":"category","embeddable":true,"href":"https:\/\/informacionlocal.es\/en\/wp-json\/wp\/v2\/categories?post=4484"},{"taxonomy":"post_tag","embeddable":true,"href":"https:\/\/informacionlocal.es\/en\/wp-json\/wp\/v2\/tags?post=4484"}],"curies":[{"name":"wp","href":"https:\/\/api.w.org\/{rel}","templated":true}]}}