{"id":4096,"date":"2025-05-21T13:50:23","date_gmt":"2025-05-21T13:50:23","guid":{"rendered":"https:\/\/informacionlocal.es\/the-race-bibs-for-the-xiii-barcelo-caleta-de-fuste-mile-can-be-picked-up-from-today-at-the-thalasso-spa-fuerteventura\/"},"modified":"2025-05-21T13:50:23","modified_gmt":"2025-05-21T13:50:23","slug":"the-race-bibs-for-the-xiii-barcelo-caleta-de-fuste-mile-can-be-picked-up-from-today-at-the-thalasso-spa-fuerteventura","status":"publish","type":"post","link":"https:\/\/informacionlocal.es\/en\/the-race-bibs-for-the-xiii-barcelo-caleta-de-fuste-mile-can-be-picked-up-from-today-at-the-thalasso-spa-fuerteventura\/","title":{"rendered":"The race bibs for the XIII Barcel\u00f3 Caleta de Fuste Mile can be picked up from today at the Thalasso Spa Fuerteventura."},"content":{"rendered":"<div class=\"elementor-widget-container\">\n<p><strong>The race bibs for the XIII Barcel\u00f3 Caleta de Fuste Mile can be picked up from today at the Thalasso Spa Fuerteventura.<\/strong><\/p>\n<p><strong>The record of 300 online registrations for the XIII Barcel\u00f3 Caleta de Fuste Barcel\u00f3 Mile may still increase on the day of the race.<\/strong><\/p>\n<p><strong>&#8211; Given the high registration for the XIII Milla Barcel\u00f3 Caleta de Fuste Barcel\u00f3 the race numbers can be withdrawn from today at the Thalasso Spa Barcel\u00f3 Fuerteventura.  <\/strong><br \/><strong>&#8211; Jos\u00e9 Ojeda, Champion of Canary Islands Trail 2025, sponsor of the new edition of the Milla Barcel\u00f3 Caleta de Fuste.<\/strong><br \/><strong>&#8211; This Friday, May 23rd at 6:00 p.m. the popular race Milla Barcel\u00f3 Caleta de Fuste will take place.  <\/strong><br \/><strong>&#8211; Registration for the race is free and can be done on the day of the race start.<\/strong><\/p>\n<p>An urban mile that exceeds expectations of registration in this new edition, being a major event in the sports calendar of the municipality and the island, and an example of collaboration between the Barcel\u00f3 hotel group and the City of Antigua, says the mayor, Matias Pe\u00f1a.<\/p>\n<p>The Councillor for Sports, Samuel Torres, points out that all runners registered online for the XIII Milla Barcel\u00f3 Caleta de Fuste, can pick up their bibs from Wednesday from 17:00 hours until the day of the test, in the area prepared by the hotel group in the Thalasso Spa Barcel\u00f3 Fuerteventura.<\/p>\n<\/p>\n<\/div>\n","protected":false},"excerpt":{"rendered":"<p><strong>The race bibs for the XIII Barcel\u00f3 Caleta de Fuste Mile can be picked up from today at the Thalasso Spa Fuerteventura.<\/strong><\/p>\n","protected":false},"author":1,"featured_media":4093,"comment_status":"open","ping_status":"open","sticky":false,"template":"","format":"standard","meta":{"inline_featured_image":false,"jnews-multi-image_gallery":[],"jnews_single_post":[],"jnews_primary_category":[],"jnews_social_meta":[],"jnews_override_counter":[],"jnews_post_split":[],"footnotes":""},"categories":[281],"tags":[190],"class_list":["post-4096","post","type-post","status-publish","format-standard","has-post-thumbnail","hentry","category-antigua-en","tag-fuerteventura-en"],"jetpack_featured_media_url":"https:\/\/informacionlocal.es\/wp-content\/uploads\/2025\/05\/cartel-milla-2025-imagenes-1-scaled-2.jpg","_links":{"self":[{"href":"https:\/\/informacionlocal.es\/en\/wp-json\/wp\/v2\/posts\/4096","targetHints":{"allow":["GET"]}}],"collection":[{"href":"https:\/\/informacionlocal.es\/en\/wp-json\/wp\/v2\/posts"}],"about":[{"href":"https:\/\/informacionlocal.es\/en\/wp-json\/wp\/v2\/types\/post"}],"author":[{"embeddable":true,"href":"https:\/\/informacionlocal.es\/en\/wp-json\/wp\/v2\/users\/1"}],"replies":[{"embeddable":true,"href":"https:\/\/informacionlocal.es\/en\/wp-json\/wp\/v2\/comments?post=4096"}],"version-history":[{"count":0,"href":"https:\/\/informacionlocal.es\/en\/wp-json\/wp\/v2\/posts\/4096\/revisions"}],"wp:featuredmedia":[{"embeddable":true,"href":"https:\/\/informacionlocal.es\/en\/wp-json\/wp\/v2\/media\/4093"}],"wp:attachment":[{"href":"https:\/\/informacionlocal.es\/en\/wp-json\/wp\/v2\/media?parent=4096"}],"wp:term":[{"taxonomy":"category","embeddable":true,"href":"https:\/\/informacionlocal.es\/en\/wp-json\/wp\/v2\/categories?post=4096"},{"taxonomy":"post_tag","embeddable":true,"href":"https:\/\/informacionlocal.es\/en\/wp-json\/wp\/v2\/tags?post=4096"}],"curies":[{"name":"wp","href":"https:\/\/api.w.org\/{rel}","templated":true}]}}