{"id":3828,"date":"2025-05-16T14:34:25","date_gmt":"2025-05-16T14:34:25","guid":{"rendered":"https:\/\/informacionlocal.es\/primary-schools-and-elementary-schools-celebrate-a-day-of-stellar-coexistence-at-la-guirra-beach\/"},"modified":"2025-05-16T14:34:25","modified_gmt":"2025-05-16T14:34:25","slug":"primary-schools-and-elementary-schools-celebrate-a-day-of-stellar-coexistence-at-la-guirra-beach","status":"publish","type":"post","link":"https:\/\/informacionlocal.es\/en\/primary-schools-and-elementary-schools-celebrate-a-day-of-stellar-coexistence-at-la-guirra-beach\/","title":{"rendered":"Primary schools and elementary schools celebrate a day of stellar coexistence at La Guirra Beach"},"content":{"rendered":"<div class=\"elementor-widget-container\">\n<p><strong>Primary schools and elementary schools celebrate a day of stellar coexistence at La Guirra Beach<\/strong><\/p>\n<p><strong>&#8211; One hundred students from 6th grade of primary school participate in the Day of Coexistence on the beach of La Guirra in Caleta de Fuste.  <\/strong><br \/><strong>&#8211; The event is part of the educational project of the centers of the Antigua school district, Estela.<\/strong><\/p>\n<p>The Mayor, Mat\u00edas Pe\u00f1a and the Councilor for Education, Am\u00e9rica Soto Betancor, have welcomed the one hundred students of 6th grade of primary school, who this Friday morning, May 16, have participated in the Day of Coexistence held at the CEIP El Castillo and the beach of La Guirra in Caleta de Fuste.<\/p>\n<p>The conference is part of the Estela project that this year has proposed several activities in which the centers Francisca P\u00e9rez in Triquivijate, Alcaldesa Amparo Torres in Betancuria, Gumersindo Martel in Valles de Santa In\u00e9s, as well as the Valles de Ortega, Ampuyenta, CEIP El Castillo and the CEO of Antigua have participated and carried out together.<\/p>\n<p>Among the projects proposed by the Estela project, explains the District coordinator, Marta L. Torrent, which have had the involvement of the educational community of each of the centers, being all activities always carried out in groups, meetings and coexistence, are Our Star Tree during last Christmas, Carnavaleando with Estela during the month of February, the project also common development of a book of Canarian recipes and this Friday the Day of Coexistence on the beach of El Castillo.<\/p>\n<\/div>\n","protected":false},"excerpt":{"rendered":"<p><strong>Primary schools and elementary schools celebrate a day of stellar coexistence at La Guirra Beach<\/strong><\/p>\n","protected":false},"author":1,"featured_media":3825,"comment_status":"open","ping_status":"open","sticky":false,"template":"","format":"standard","meta":{"inline_featured_image":false,"jnews-multi-image_gallery":[],"jnews_single_post":[],"jnews_primary_category":[],"jnews_social_meta":[],"jnews_override_counter":[],"jnews_post_split":[],"footnotes":""},"categories":[281],"tags":[302],"class_list":["post-3828","post","type-post","status-publish","format-standard","has-post-thumbnail","hentry","category-antigua-en","tag-educacion-en"],"jetpack_featured_media_url":"https:\/\/informacionlocal.es\/wp-content\/uploads\/2025\/05\/convivencia-escuelas-en-la-playa-del-castillo-con-el-proyecto-estela-4-scaled-1.jpg","_links":{"self":[{"href":"https:\/\/informacionlocal.es\/en\/wp-json\/wp\/v2\/posts\/3828","targetHints":{"allow":["GET"]}}],"collection":[{"href":"https:\/\/informacionlocal.es\/en\/wp-json\/wp\/v2\/posts"}],"about":[{"href":"https:\/\/informacionlocal.es\/en\/wp-json\/wp\/v2\/types\/post"}],"author":[{"embeddable":true,"href":"https:\/\/informacionlocal.es\/en\/wp-json\/wp\/v2\/users\/1"}],"replies":[{"embeddable":true,"href":"https:\/\/informacionlocal.es\/en\/wp-json\/wp\/v2\/comments?post=3828"}],"version-history":[{"count":0,"href":"https:\/\/informacionlocal.es\/en\/wp-json\/wp\/v2\/posts\/3828\/revisions"}],"wp:featuredmedia":[{"embeddable":true,"href":"https:\/\/informacionlocal.es\/en\/wp-json\/wp\/v2\/media\/3825"}],"wp:attachment":[{"href":"https:\/\/informacionlocal.es\/en\/wp-json\/wp\/v2\/media?parent=3828"}],"wp:term":[{"taxonomy":"category","embeddable":true,"href":"https:\/\/informacionlocal.es\/en\/wp-json\/wp\/v2\/categories?post=3828"},{"taxonomy":"post_tag","embeddable":true,"href":"https:\/\/informacionlocal.es\/en\/wp-json\/wp\/v2\/tags?post=3828"}],"curies":[{"name":"wp","href":"https:\/\/api.w.org\/{rel}","templated":true}]}}