{"id":3600,"date":"2025-05-15T15:32:44","date_gmt":"2025-05-15T15:32:44","guid":{"rendered":"https:\/\/informacionlocal.es\/antigua-completes-and-accepts-the-complete-remodeling-of-the-avenida-virgen-de-la-pena-in-caleta-de-fuste\/"},"modified":"2025-05-15T15:32:44","modified_gmt":"2025-05-15T15:32:44","slug":"antigua-completes-and-accepts-the-complete-remodeling-of-the-avenida-virgen-de-la-pena-in-caleta-de-fuste","status":"publish","type":"post","link":"https:\/\/informacionlocal.es\/en\/antigua-completes-and-accepts-the-complete-remodeling-of-the-avenida-virgen-de-la-pena-in-caleta-de-fuste\/","title":{"rendered":"Antigua completes and accepts the complete remodeling of the Avenida Virgen de la Pe\u00f1a in Caleta de Fuste."},"content":{"rendered":"<div class=\"elementor-widget-container\">\n<p><strong>Antigua completes and accepts the complete remodeling of the Avenida Virgen de la Pe\u00f1a in Caleta de Fuste.<\/strong><\/p>\n<p><strong>&#8211; I have a technical and professional team, young and reliable, that responds and promotes the improvement of streets, avenues and progress projects, says the mayor, Mat\u00edas Pe\u00f1a.  <\/strong><br \/><strong>&#8211; Caleta de Fuste adds the Avenida Virgen de La Pe\u00f1a to the main streets remodeled, beautified and completed with all the connections to the different supply networks.  <\/strong><br \/><strong>&#8211; The Avenida de Virgen de la Pe\u00f1a has had to save a pandemic and a new hiring of construction company, but after an investment of 3.8 million euros and having to assume as mayor the competence of its execution, today it is a reality that is a pleasure to walk, says Matias Pe\u00f1a.<\/strong><\/p>\n<p>The Mayor of Antigua, Mat\u00edas Pe\u00f1a, has witnessed the signing of the reception and end of work of the Integral Remodeling of the Avenida Virgen de La Pe\u00f1a in Caleta de Fuste, accompanied by the councilors of Urbanism, David Alberto, Works and Services, Juan Cabrera and Tourism, Kristina Rodewig.<\/p>\n<p>The mayor has highlighted the professionalism, constancy and resistance to any problem, of the architect Hugo Rami, who in this as in other projects executed and in execution has earned my total confidence, as well as the head of electrical equipment, Goreti Hernandez, and adds Matias Pe\u00f1a, and of course, the municipal technicians around me who are a winning team to promote the development of numerous projects, the municipal technicians around me who are a winning team to promote the development of numerous projects, among them, here present at this signing of reception Noelia Betancor, chief architect of the technical office, Marta Floriano, young and firm Municipal Auditor and the support and legal advice of the Secretary of the City Council of Antigua, Raquel Ant\u00f3n.<\/p>\n<p>The Avenida de Virgen de la Pe\u00f1a has had to save a pandemic and a new hiring of construction company, but after an investment of 3.8 million euros and having to assume as mayor the competence of its execution, today it is a reality that is a pleasure to walk, says Matias Pe\u00f1a.<\/p>\n<\/div>\n","protected":false},"excerpt":{"rendered":"<p><strong>Antigua completes and accepts the complete remodeling of the Avenida Virgen de la Pe\u00f1a in Caleta de Fuste.<\/strong><\/p>\n","protected":false},"author":1,"featured_media":3597,"comment_status":"open","ping_status":"open","sticky":false,"template":"","format":"standard","meta":{"inline_featured_image":false,"jnews-multi-image_gallery":[],"jnews_single_post":[],"jnews_primary_category":[],"jnews_social_meta":[],"jnews_override_counter":[],"jnews_post_split":[],"footnotes":""},"categories":[281],"tags":[],"class_list":["post-3600","post","type-post","status-publish","format-standard","has-post-thumbnail","hentry","category-antigua-en"],"jetpack_featured_media_url":"https:\/\/informacionlocal.es\/wp-content\/uploads\/2025\/05\/antigua-finaliza-y-recepciona-la-remodelacion-integral-de-la-avda-virgen-de-la-pena-2-scaled-1.jpg","_links":{"self":[{"href":"https:\/\/informacionlocal.es\/en\/wp-json\/wp\/v2\/posts\/3600","targetHints":{"allow":["GET"]}}],"collection":[{"href":"https:\/\/informacionlocal.es\/en\/wp-json\/wp\/v2\/posts"}],"about":[{"href":"https:\/\/informacionlocal.es\/en\/wp-json\/wp\/v2\/types\/post"}],"author":[{"embeddable":true,"href":"https:\/\/informacionlocal.es\/en\/wp-json\/wp\/v2\/users\/1"}],"replies":[{"embeddable":true,"href":"https:\/\/informacionlocal.es\/en\/wp-json\/wp\/v2\/comments?post=3600"}],"version-history":[{"count":0,"href":"https:\/\/informacionlocal.es\/en\/wp-json\/wp\/v2\/posts\/3600\/revisions"}],"wp:featuredmedia":[{"embeddable":true,"href":"https:\/\/informacionlocal.es\/en\/wp-json\/wp\/v2\/media\/3597"}],"wp:attachment":[{"href":"https:\/\/informacionlocal.es\/en\/wp-json\/wp\/v2\/media?parent=3600"}],"wp:term":[{"taxonomy":"category","embeddable":true,"href":"https:\/\/informacionlocal.es\/en\/wp-json\/wp\/v2\/categories?post=3600"},{"taxonomy":"post_tag","embeddable":true,"href":"https:\/\/informacionlocal.es\/en\/wp-json\/wp\/v2\/tags?post=3600"}],"curies":[{"name":"wp","href":"https:\/\/api.w.org\/{rel}","templated":true}]}}