{"id":3322,"date":"2025-05-08T15:58:43","date_gmt":"2025-05-08T15:58:43","guid":{"rendered":"https:\/\/informacionlocal.es\/the-city-council-of-pajara-pays-tribute-to-poet-andres-gonzalez-frances\/"},"modified":"2025-05-08T15:58:43","modified_gmt":"2025-05-08T15:58:43","slug":"the-city-council-of-pajara-pays-tribute-to-poet-andres-gonzalez-frances","status":"publish","type":"post","link":"https:\/\/informacionlocal.es\/en\/the-city-council-of-pajara-pays-tribute-to-poet-andres-gonzalez-frances\/","title":{"rendered":"The City Council of P\u00e1jara pays tribute to poet Andr\u00e9s Gonz\u00e1lez Franc\u00e9s"},"content":{"rendered":"<div class=\"entry-content\">\n<p><b><i>The Honors and Distinctions Commission approves the proposal to dedicate a street or square with a sculpture to him, which will be taken to the plenary session on May 15.<\/i><\/b><\/p>\n<p><span>The City Council of P\u00e1jara, through the Commission of Honors and Distinctions, has approved to raise the next municipal plenary a proposal to pay tribute to the poet Andr\u00e9s Gonz\u00e1lez Franc\u00e9s. All members of the commission, in which are represented the political groups of the Socialist Party, Coalici\u00f3n Canaria, Nueva Canarias, Together for P\u00e1jara, Municipal Assemblies of Fuerteventura and the Popular Party, have voted unanimously to initiate the file that will culminate with the naming of a street or a square with sculpture, in recognition of the cultural legacy of the author. <\/span><\/p>\n<p><span>Andr\u00e9s Gonz\u00e1lez Franc\u00e9s, born in Morro Jable in 1951, is a prominent poet majorero whose works are characterized by a constant dedication to extol the identity and values of Fuerteventura. His life and professional career includes work as a civil servant, trade unionist, councilman of the municipality of P\u00e1jara and sailor, bringing to his work an enriched and committed vision. Among his most outstanding publications are &#8216;Cuarenta Sentimientos&#8217;, &#8216;P\u00e1jara en verso&#8217;, &#8216;Pasiones a la Deriva&#8217;, &#8216;Vivencias y Pensamientos&#8217; and &#8216;De Greguer\u00edas y Haikus&#8217;, in addition to a relevant narrative work and collective collaborations. In addition, there is a valuable collection of 228 unedited poems, which shows the breadth and depth of his literary legacy.     <\/span><\/p>\n<p><span>The Consistory considers that this tribute responds to a common will to recognize the figure of the poet majorero as a local cultural reference and a symbol of commitment to society. This joint decision reflects the shared sensitivity of the municipal corporation to preserve and make visible the memory of those who have contributed to the cultural, social and political development of the municipality.   <\/span><\/p>\n<\/p>\n<div>Share<\/div>\n<\/div>\n","protected":false},"excerpt":{"rendered":"<p><i>The Honors and Distinctions Commission approves the proposal to dedicate a street or square with a sculpture to him, which will be taken to the plenary session on May 15.<\/i><\/p>\n","protected":false},"author":1,"featured_media":3315,"comment_status":"open","ping_status":"open","sticky":false,"template":"","format":"standard","meta":{"inline_featured_image":false,"jnews-multi-image_gallery":[],"jnews_single_post":[],"jnews_primary_category":[],"jnews_social_meta":[],"jnews_override_counter":[],"jnews_post_split":[],"footnotes":""},"categories":[296],"tags":[190],"class_list":["post-3322","post","type-post","status-publish","format-standard","has-post-thumbnail","hentry","category-pajara-en","tag-fuerteventura-en"],"jetpack_featured_media_url":"https:\/\/informacionlocal.es\/wp-content\/uploads\/2025\/05\/andres-gonzalez-frances.png","_links":{"self":[{"href":"https:\/\/informacionlocal.es\/en\/wp-json\/wp\/v2\/posts\/3322","targetHints":{"allow":["GET"]}}],"collection":[{"href":"https:\/\/informacionlocal.es\/en\/wp-json\/wp\/v2\/posts"}],"about":[{"href":"https:\/\/informacionlocal.es\/en\/wp-json\/wp\/v2\/types\/post"}],"author":[{"embeddable":true,"href":"https:\/\/informacionlocal.es\/en\/wp-json\/wp\/v2\/users\/1"}],"replies":[{"embeddable":true,"href":"https:\/\/informacionlocal.es\/en\/wp-json\/wp\/v2\/comments?post=3322"}],"version-history":[{"count":0,"href":"https:\/\/informacionlocal.es\/en\/wp-json\/wp\/v2\/posts\/3322\/revisions"}],"wp:featuredmedia":[{"embeddable":true,"href":"https:\/\/informacionlocal.es\/en\/wp-json\/wp\/v2\/media\/3315"}],"wp:attachment":[{"href":"https:\/\/informacionlocal.es\/en\/wp-json\/wp\/v2\/media?parent=3322"}],"wp:term":[{"taxonomy":"category","embeddable":true,"href":"https:\/\/informacionlocal.es\/en\/wp-json\/wp\/v2\/categories?post=3322"},{"taxonomy":"post_tag","embeddable":true,"href":"https:\/\/informacionlocal.es\/en\/wp-json\/wp\/v2\/tags?post=3322"}],"curies":[{"name":"wp","href":"https:\/\/api.w.org\/{rel}","templated":true}]}}