{"id":3106,"date":"2025-05-06T10:38:21","date_gmt":"2025-05-06T10:38:21","guid":{"rendered":"https:\/\/informacionlocal.es\/the-church-of-our-lady-of-la-antigua-hosted-the-solemn-and-at-the-same-time-close-funeral-for-h-h-pope-francis\/"},"modified":"2025-05-06T10:38:21","modified_gmt":"2025-05-06T10:38:21","slug":"the-church-of-our-lady-of-la-antigua-hosted-the-solemn-and-at-the-same-time-close-funeral-for-h-h-pope-francis","status":"publish","type":"post","link":"https:\/\/informacionlocal.es\/en\/the-church-of-our-lady-of-la-antigua-hosted-the-solemn-and-at-the-same-time-close-funeral-for-h-h-pope-francis\/","title":{"rendered":"The Church of Our Lady of La Antigua hosted the solemn and at the same time close Funeral for H.H. Pope Francis."},"content":{"rendered":"<div class=\"elementor-widget-container\">\n<p><strong>The Church of Our Lady of La Antigua hosted the solemn and at the same time close Funeral for H.H. Pope Francis.<\/strong><\/p>\n<p><strong>&#8211; Silence, prayer and respect in a meaningful Eucharist presided by the Bishop of the Diocese of the Canary Islands.  <\/strong><br \/><strong>&#8211; The Mayor, Mat\u00edas Pe\u00f1a, thanks the Diocese of the Canary Islands for choosing the Church of Our Lady of La Antigua to celebrate the funeral of Pope Francis.<\/strong><\/p>\n<p>The Church of Our Lady of La Antigua celebrated the funeral mass for H.H. Pope Francis, presiding the ceremony the Bishop of the Diocese of the Canary Islands, D. Jos\u00e9 Mazuelos P\u00e9rez, together with the archdiocese of Fuerteventura.<\/p>\n<p>The mayor, Matias Pe\u00f1a, thanked the Diocese of the Canary Islands, choosing the Church of Our Lady of La Antigua to celebrate the funeral of Pope Francis.<\/p>\n<p>Solemnity and silence in a Church that added to the usual pews the necessary chairs to accommodate all the attendees to a simple and close Eucharist that was attended by the president of the Cabildo of Fuerteventura, the host mayor, Matias Pe\u00f1a, the Government Delegate, Maria Jesus De la Cruz, the mayors of Betancuria, Enrice Cerde\u00f1a, Puerto del Rosario, David De Vera, accidental mayor of P\u00e1jara, Alexis Alonso, mayor of Tuineje, Candelaria Umpierrez, among other representatives, councilors, councilors and deputies, along with the main representatives of the Security Forces in Fuerteventura.<\/p>\n<p>The mayor, Mat\u00edas Pe\u00f1a, together with the parish priest of Antigua, Heriberto Mart\u00edn Molina, welcomed the Bishop of the Canary Islands, who thanked during the service the collaboration provided by the City Council of Antigua, the volunteers of the parish, the singing group, and the media such as Puerto Radio, Dunas Fm or TV Canaria, who gave coverage or broadcast live this special and significant Eucharist.<\/p>\n<\/p>\n<\/div>\n","protected":false},"excerpt":{"rendered":"<p><strong>The Church of Our Lady of La Antigua hosted the solemn and at the same time close Funeral for H.H. Pope Francis.<\/strong><\/p>\n","protected":false},"author":1,"featured_media":3103,"comment_status":"open","ping_status":"open","sticky":false,"template":"","format":"standard","meta":{"inline_featured_image":false,"jnews-multi-image_gallery":[],"jnews_single_post":[],"jnews_primary_category":[],"jnews_social_meta":[],"jnews_override_counter":[],"jnews_post_split":[],"footnotes":""},"categories":[281],"tags":[190],"class_list":["post-3106","post","type-post","status-publish","format-standard","has-post-thumbnail","hentry","category-antigua-en","tag-fuerteventura-en"],"jetpack_featured_media_url":"https:\/\/informacionlocal.es\/wp-content\/uploads\/2025\/05\/funeral-de-fuerteventura-a-ss-el-papa-celebrado-en-antigua-1.jpg","_links":{"self":[{"href":"https:\/\/informacionlocal.es\/en\/wp-json\/wp\/v2\/posts\/3106","targetHints":{"allow":["GET"]}}],"collection":[{"href":"https:\/\/informacionlocal.es\/en\/wp-json\/wp\/v2\/posts"}],"about":[{"href":"https:\/\/informacionlocal.es\/en\/wp-json\/wp\/v2\/types\/post"}],"author":[{"embeddable":true,"href":"https:\/\/informacionlocal.es\/en\/wp-json\/wp\/v2\/users\/1"}],"replies":[{"embeddable":true,"href":"https:\/\/informacionlocal.es\/en\/wp-json\/wp\/v2\/comments?post=3106"}],"version-history":[{"count":0,"href":"https:\/\/informacionlocal.es\/en\/wp-json\/wp\/v2\/posts\/3106\/revisions"}],"wp:featuredmedia":[{"embeddable":true,"href":"https:\/\/informacionlocal.es\/en\/wp-json\/wp\/v2\/media\/3103"}],"wp:attachment":[{"href":"https:\/\/informacionlocal.es\/en\/wp-json\/wp\/v2\/media?parent=3106"}],"wp:term":[{"taxonomy":"category","embeddable":true,"href":"https:\/\/informacionlocal.es\/en\/wp-json\/wp\/v2\/categories?post=3106"},{"taxonomy":"post_tag","embeddable":true,"href":"https:\/\/informacionlocal.es\/en\/wp-json\/wp\/v2\/tags?post=3106"}],"curies":[{"name":"wp","href":"https:\/\/api.w.org\/{rel}","templated":true}]}}