{"id":2890,"date":"2025-05-02T13:10:13","date_gmt":"2025-05-02T13:10:13","guid":{"rendered":"https:\/\/informacionlocal.es\/saturday-of-craftsmanship-and-folkloric-performances-at-the-36th-island-crafts-fair\/"},"modified":"2025-05-02T13:10:13","modified_gmt":"2025-05-02T13:10:13","slug":"saturday-of-craftsmanship-and-folkloric-performances-at-the-36th-island-crafts-fair","status":"publish","type":"post","link":"https:\/\/informacionlocal.es\/en\/saturday-of-craftsmanship-and-folkloric-performances-at-the-36th-island-crafts-fair\/","title":{"rendered":"Saturday of craftsmanship and folkloric performances at the 36th Island Crafts Fair"},"content":{"rendered":"<div class=\"elementor-widget-container\">\n<p><strong>Saturday of craftsmanship and folkloric performances at the 36th Island Crafts Fair<\/strong><\/p>\n<p><strong>&#8211; This Saturday, about 200 craftsmen and craftswomen from all over the Canary Islands will be joined by the performance of schools and folk groups from the municipalities of the island.<\/strong><\/p>\n<p><strong>&#8211; Silvestre Ram\u00edrez offers in concert at 13:00 hours, the quartet of soloists Ciro Corujo, Pedro Manuel Afonso and Mariv\u00ed Cabo.<\/strong><\/p>\n<p><strong>&#8211; This Saturday afternoon, at 6:00 pm, Paco Perera in concert with Nuevo folklore canario and on Sunday, Los Gofiones at 12:30 pm.<\/strong><\/p>\n<p>Canarian music accompanies every day to about 200 craftsmen and craftswomen present and protagonists of the XXXVI Island Craft Fair Fuerteventura which is a Canarian festival with a wide program full of musical attractions, exhibitions, workshops and performances for everyone who visits, says the Councillor for Culture Jonathan Pe\u00f1a.<\/p>\n<p>This Saturday, May 3 from 11:00 am we can enjoy the performance of the Bandita and the Woodwind Quintet of the School of Music and Dance of P\u00e1jara, followed by the Agrupaci\u00f3n Folkl\u00f3rika Maxorata, the Escuela Insular de Folklore and the Choir of the Escuela Insular de M\u00fasica. At 13:00 the concert of Silvestre Ram\u00edrez with the quartet of soloists Ciro Corujo, Pedro Manuel Afonso and Mariv\u00ed Cano. <\/p>\n<p>In the afternoon at 18:00 hours, Paco Perera will be the protagonist on stage, offering in concert the New Canarian folklore, ending the evening with the dance show by the Entresiluetas Academy.<\/p>\n<p>Music, workshops and performances are attractions that we offer to enjoy the weekend in the square of Antigua, and support with our presence and purchases, the continuity of craftsmanship in the more than 30 different trades that we can enjoy here, says the mayor, Matias Pe\u00f1a.<\/p>\n<\/div>\n","protected":false},"excerpt":{"rendered":"<p><strong>Saturday of craftsmanship and folkloric performances at the 36th Island Crafts Fair<\/strong><\/p>\n","protected":false},"author":1,"featured_media":2887,"comment_status":"open","ping_status":"open","sticky":false,"template":"","format":"standard","meta":{"inline_featured_image":false,"jnews-multi-image_gallery":[],"jnews_single_post":[],"jnews_primary_category":[],"jnews_social_meta":[],"jnews_override_counter":[],"jnews_post_split":[],"footnotes":""},"categories":[281],"tags":[190],"class_list":["post-2890","post","type-post","status-publish","format-standard","has-post-thumbnail","hentry","category-antigua-en","tag-fuerteventura-en"],"jetpack_featured_media_url":"https:\/\/informacionlocal.es\/wp-content\/uploads\/2025\/05\/cuarteto-feria-artesania-scaled-1.jpg","_links":{"self":[{"href":"https:\/\/informacionlocal.es\/en\/wp-json\/wp\/v2\/posts\/2890","targetHints":{"allow":["GET"]}}],"collection":[{"href":"https:\/\/informacionlocal.es\/en\/wp-json\/wp\/v2\/posts"}],"about":[{"href":"https:\/\/informacionlocal.es\/en\/wp-json\/wp\/v2\/types\/post"}],"author":[{"embeddable":true,"href":"https:\/\/informacionlocal.es\/en\/wp-json\/wp\/v2\/users\/1"}],"replies":[{"embeddable":true,"href":"https:\/\/informacionlocal.es\/en\/wp-json\/wp\/v2\/comments?post=2890"}],"version-history":[{"count":0,"href":"https:\/\/informacionlocal.es\/en\/wp-json\/wp\/v2\/posts\/2890\/revisions"}],"wp:featuredmedia":[{"embeddable":true,"href":"https:\/\/informacionlocal.es\/en\/wp-json\/wp\/v2\/media\/2887"}],"wp:attachment":[{"href":"https:\/\/informacionlocal.es\/en\/wp-json\/wp\/v2\/media?parent=2890"}],"wp:term":[{"taxonomy":"category","embeddable":true,"href":"https:\/\/informacionlocal.es\/en\/wp-json\/wp\/v2\/categories?post=2890"},{"taxonomy":"post_tag","embeddable":true,"href":"https:\/\/informacionlocal.es\/en\/wp-json\/wp\/v2\/tags?post=2890"}],"curies":[{"name":"wp","href":"https:\/\/api.w.org\/{rel}","templated":true}]}}