{"id":25290,"date":"2026-09-06T02:00:03","date_gmt":"2026-09-06T01:00:03","guid":{"rendered":"https:\/\/informacionlocal.es\/el-ayuntamiento-presenta-la-nueva-temporada-de-exposiciones-2026-27\/"},"modified":"2026-09-06T02:00:03","modified_gmt":"2026-09-06T01:00:03","slug":"el-ayuntamiento-presenta-la-nueva-temporada-de-exposiciones-2026-27","status":"publish","type":"post","link":"https:\/\/informacionlocal.es\/en\/el-ayuntamiento-presenta-la-nueva-temporada-de-exposiciones-2026-27\/","title":{"rendered":"EL AYUNTAMIENTO PRESENTA LA NUEVA TEMPORADA DE EXPOSICIONES 2026-27"},"content":{"rendered":"<div class=\"entry-content\">\n<p>La Casa de la Cultura da comienzo a la nueva temporada de exposiciones.<\/p>\n<p>\ud83d\udcc5 Martes, 08 de sept 26<\/p>\n<p>\u23f019:00 h<\/p>\n<p>Casa de la Cultura<\/p>\n<p>C\/ Ramiro de Maeztu,2 (frente a la Biblioteca Municipal). Entrada gratuita. L a V de 10 a 13 y 17 a 20 h<\/p>\n<p>\u2014-<\/p>\n<p>The Canarian<\/p>\n<p>44 artistas, locales y de diferentes nacionalidades, y desde diversos puntos de Canarias, exponen sus ilustraciones en esta colecci\u00f3n exclusiva y \u00fanica en el archipi\u00e9lago canario.<\/p>\n<p>\u2014-<\/p>\n<p>Patrimonio vivo<\/p>\n<p>Varios artistas locales y de diversos pa\u00edses, residentes en Fuerteventura, nos ofrecen esta muestra donde se incluyen el trabajo de los \u00abUrban sketchers\u00bb y obras pict\u00f3ricas variadas con diferentes estilos.<\/p>\n<p>\u2014-<\/p>\n<p>Memoria y sue\u00f1o<br \/> De William Rocchi<\/p>\n<p>El artista italiano nos sorprende con su nueva colecci\u00f3n de trabajos en madera, donde los colores de retratos, paisajes y esculturas, se deslizan en varias dimensiones, marca caracter\u00edstica del autor.<\/p>\n<p>\u2014-<\/p>\n<p>Alegor\u00edas de metal<br \/> De Gustavo Kauzlaskas<\/p>\n<p>El artista lituano-argentino, nos sorprende con sus creaciones de metal, dando vida a flora, fauna, y el sentimiento humano, dejando fluir la imaginaci\u00f3n en un festival de esculturas.<\/p>\n<p>\u00a0<\/p>\n<\/div>\n","protected":false},"excerpt":{"rendered":"<p>La Casa de la Cultura da comienzo a la nueva temporada de exposiciones. \ud83d\udcc5 Martes, 08 de sept 26 \u23f019:00 h Casa de la Cultura C\/ Ramiro de Maeztu,2 (frente [&hellip;]<\/p>\n","protected":false},"author":1,"featured_media":25292,"comment_status":"open","ping_status":"open","sticky":false,"template":"","format":"standard","meta":{"inline_featured_image":false,"jnews-multi-image_gallery":[],"jnews_single_post":[],"jnews_primary_category":[],"jnews_social_meta":[],"jnews_override_counter":[],"jnews_post_split":[],"footnotes":""},"categories":[61],"tags":[82],"class_list":["post-25290","post","type-post","status-publish","format-standard","has-post-thumbnail","hentry","category-puerto-del-rosario","tag-fuerteventura"],"jetpack_featured_media_url":"https:\/\/informacionlocal.es\/wp-content\/uploads\/2026\/09\/exposiciones-nt-26-27.jpg","_links":{"self":[{"href":"https:\/\/informacionlocal.es\/en\/wp-json\/wp\/v2\/posts\/25290","targetHints":{"allow":["GET"]}}],"collection":[{"href":"https:\/\/informacionlocal.es\/en\/wp-json\/wp\/v2\/posts"}],"about":[{"href":"https:\/\/informacionlocal.es\/en\/wp-json\/wp\/v2\/types\/post"}],"author":[{"embeddable":true,"href":"https:\/\/informacionlocal.es\/en\/wp-json\/wp\/v2\/users\/1"}],"replies":[{"embeddable":true,"href":"https:\/\/informacionlocal.es\/en\/wp-json\/wp\/v2\/comments?post=25290"}],"version-history":[{"count":0,"href":"https:\/\/informacionlocal.es\/en\/wp-json\/wp\/v2\/posts\/25290\/revisions"}],"wp:featuredmedia":[{"embeddable":true,"href":"https:\/\/informacionlocal.es\/en\/wp-json\/wp\/v2\/media\/25292"}],"wp:attachment":[{"href":"https:\/\/informacionlocal.es\/en\/wp-json\/wp\/v2\/media?parent=25290"}],"wp:term":[{"taxonomy":"category","embeddable":true,"href":"https:\/\/informacionlocal.es\/en\/wp-json\/wp\/v2\/categories?post=25290"},{"taxonomy":"post_tag","embeddable":true,"href":"https:\/\/informacionlocal.es\/en\/wp-json\/wp\/v2\/tags?post=25290"}],"curies":[{"name":"wp","href":"https:\/\/api.w.org\/{rel}","templated":true}]}}