{"id":25266,"date":"2026-09-04T22:02:21","date_gmt":"2026-09-04T21:02:21","guid":{"rendered":"https:\/\/informacionlocal.es\/el-ayuntamiento-de-puerto-del-rosario-recuerda-la-obligacion-de-cumplir-la-ordenanza-de-movilidad-sostenible-y-seguridad-vial-en-el-uso-de-patinetes-electricos\/"},"modified":"2026-09-04T22:02:21","modified_gmt":"2026-09-04T21:02:21","slug":"el-ayuntamiento-de-puerto-del-rosario-recuerda-la-obligacion-de-cumplir-la-ordenanza-de-movilidad-sostenible-y-seguridad-vial-en-el-uso-de-patinetes-electricos","status":"publish","type":"post","link":"https:\/\/informacionlocal.es\/en\/el-ayuntamiento-de-puerto-del-rosario-recuerda-la-obligacion-de-cumplir-la-ordenanza-de-movilidad-sostenible-y-seguridad-vial-en-el-uso-de-patinetes-electricos\/","title":{"rendered":"El ayuntamiento de Puerto del Rosario recuerda la obligaci\u00f3n de cumplir la Ordenanza de Movilidad Sostenible y Seguridad Vial en el uso de patinetes el\u00e9ctricos."},"content":{"rendered":"<div class=\"entry-content\">\n<p>\ud83d\udcdc\ud83d\udef4 La normativa, en vigor desde el 3 de septiembre de 2024, establece las condiciones de circulaci\u00f3n de los Veh\u00edculos de Movilidad Personal para garantizar la seguridad vial y la convivencia entre peatones y usuarios de la v\u00eda<\/p>\n<p>\ud83d\udef4\ud83d\udef4 El ayuntamiento, recuerda a la ciudadan\u00eda la necesidad de cumplir con la Ordenanza Municipal Reguladora de la Movilidad Sostenible y Seguridad Vial, que entr\u00f3 en vigor el 3 de septiembre de 2024 y que establece, entre otras cuestiones, las normas espec\u00edficas que deben observar las personas usuarias de patinetes el\u00e9ctricos y Veh\u00edculos de Movilidad Personal (VMP).<\/p>\n<p>Con motivo del segundo aniversario de la entrada en vigor de esta normativa, el Consistorio considera oportuno reforzar el mensaje de concienciaci\u00f3n y responsabilidad, especialmente ante el incremento del uso de los patinetes el\u00e9ctricos como alternativa de movilidad en el municipio.<\/p>\n<p>El alcalde de Puerto del Rosario, David de Vera, subraya que \u201cla movilidad sostenible debe ir siempre acompa\u00f1ada de seguridad, responsabilidad y respeto por el resto de usuarios de la v\u00eda p\u00fablica. Los patinetes el\u00e9ctricos forman ya parte de nuestra realidad cotidiana y su utilizaci\u00f3n debe desarrollarse dentro de las normas que garantizan una convivencia adecuada entre peatones, ciclistas, usuarios de VMP y conductores\u201d.<\/p>\n<p>De Vera a\u00f1ade que \u201cdesde el ayuntamiento queremos seguir avanzando hacia un Puerto del Rosario m\u00e1s accesible, sostenible y seguro, pero para conseguirlo necesitamos tambi\u00e9n la colaboraci\u00f3n de la ciudadan\u00eda. Respetar la Ordenanza no es \u00fanicamente cumplir una obligaci\u00f3n, sino contribuir directamente a evitar accidentes y a proteger especialmente a las personas m\u00e1s vulnerables\u201d.<\/p>\n<p>Por su parte, la concejala de Movilidad y Accesibilidad, To\u00f1i Fern\u00e1ndez Arag\u00f3n, recuerda que \u201cla entrada en vigor de la Ordenanza supuso un paso importante para ordenar y regular una nueva realidad de movilidad que ya est\u00e1 presente en nuestras calles. Dos a\u00f1os despu\u00e9s, queremos volver a poner el foco en la importancia de conocer y cumplir estas normas, porque el objetivo fundamental de la regulaci\u00f3n es que todas las personas podamos utilizar el espacio p\u00fablico de una manera segura y compatible\u201d.<\/p>\n<p>Fern\u00e1ndez Arag\u00f3n insiste especialmente en la necesidad de respetar los espacios destinados exclusivamente a los peatones. \u201cUno de los aspectos que queremos recordar de manera clara es que los patinetes el\u00e9ctricos y VMP no pueden circular por las aceras, calles peatonales, plazas, parques y dem\u00e1s espacios destinados al uso exclusivo de los peatones. Las aceras deben seguir siendo espacios seguros y accesibles para caminar, especialmente para personas mayores, personas con discapacidad, ni\u00f1os y ni\u00f1as y quienes tienen mayores dificultades de movilidad\u201d.<\/p>\n<p>La responsable municipal de Movilidad y Accesibilidad se\u00f1ala adem\u00e1s que \u201cla accesibilidad no consiste \u00fanicamente en eliminar barreras f\u00edsicas. Tambi\u00e9n significa garantizar que los itinerarios peatonales est\u00e9n despejados y que ninguna persona tenga que enfrentarse a veh\u00edculos circulando por espacios que est\u00e1n destinados a caminar.<\/p>\n<p>\ud83d\udcdc\ud83d\udef4 Por eso, pedimos a quienes utilizan patinetes que sean especialmente conscientes de d\u00f3nde pueden y d\u00f3nde no pueden circular\u201d.<\/p>\n<p>La Ordenanza establece asimismo determinadas condiciones de seguridad para la utilizaci\u00f3n de estos veh\u00edculos. Entre ellas se encuentra la obligaci\u00f3n de utilizar casco y chaleco reflectante homologados, tanto de d\u00eda como de noche, as\u00ed como la prohibici\u00f3n de utilizar tel\u00e9fonos m\u00f3viles durante la conducci\u00f3n o circular utilizando cascos o auriculares conectados a dispositivos de sonido.<\/p>\n<p>En materia de velocidad, los VMP no podr\u00e1n superar los 20 km\/h en v\u00edas limitadas a 30, 40 y 50 km\/h, mientras que en plataformas \u00fanicas, v\u00edas limitadas a 20 km\/h o menos y v\u00edas se\u00f1alizadas con la se\u00f1al S-28, la velocidad m\u00e1xima establecida es de 10 km\/h.<\/p>\n<p>\u201cCuando hablamos de velocidad, casco, visibilidad o del uso del tel\u00e9fono m\u00f3vil, estamos hablando directamente de prevenci\u00f3n\u201d, explica Fern\u00e1ndez Arag\u00f3n.<\/p>\n<p>\u201cUn patinete puede parecer un veh\u00edculo peque\u00f1o y sencillo de utilizar, pero una ca\u00edda o un atropello puede tener consecuencias graves. Por eso insistimos en que la seguridad debe estar siempre por encima de las prisas o de la comodidad\u201d.<br \/> La concejala recuerda igualmente que los VMP son veh\u00edculos destinados a una \u00fanica persona y que est\u00e1 prohibido circular bajo los efectos del alcohol o las drogas, as\u00ed como por traves\u00edas, v\u00edas interurbanas, autopistas, autov\u00edas y t\u00faneles urbanos, entre otras restricciones recogidas en la normativa.<\/p>\n<p>\u201cQueremos que este recordatorio tenga un car\u00e1cter fundamentalmente preventivo y de concienciaci\u00f3n. No se trata \u00fanicamente de sancionar cuando se produce un incumplimiento, sino de conseguir que las personas usuarias conozcan las reglas antes de ponerse en marcha\u201d, apunta la edil.<\/p>\n<p>En este sentido, Fern\u00e1ndez Arag\u00f3n destaca que \u201cla movilidad sostenible solo funciona cuando todos entendemos que tenemos derechos, pero tambi\u00e9n responsabilidades. Una ciudad m\u00e1s sostenible no es aquella en la que simplemente circulan m\u00e1s patinetes, bicicletas o veh\u00edculos el\u00e9ctricos, sino aquella en la que podemos desplazarnos de forma segura, ordenada y respetuosa con quienes caminan y con quienes tienen unas necesidades espec\u00edficas de accesibilidad\u201d.<\/p>\n<p>El ayuntamiento recuerda que el incumplimiento de las obligaciones establecidas en la Ordenanza puede dar lugar a las correspondientes sanciones, por lo que recomienda a todas las personas usuarias de VMP consultar la normativa municipal y respetar las indicaciones y se\u00f1alizaci\u00f3n existentes en cada v\u00eda.<\/p>\n<p>Desde el Consistorio se hace un llamamiento a la responsabilidad individual y colectiva para consolidar una cultura de movilidad basada en el respeto y la convivencia.<\/p>\n<p>\u201cEntre todos podemos conseguir que los patinetes el\u00e9ctricos sean una alternativa de movilidad \u00fatil, sostenible y segura\u201d, concluye la concejala de Movilidad y Accesibilidad. \u201cLa responsabilidad empieza en cada desplazamiento: respetar al peat\u00f3n, cumplir los l\u00edmites de velocidad, utilizar los elementos de protecci\u00f3n y circular por los espacios autorizados son gestos sencillos que pueden marcar una diferencia enorme en la seguridad de nuestras calles\u201d.<\/p>\n<p>El ayuntamiento reafirma as\u00ed su compromiso con una movilidad sostenible, segura y accesible, y continuar\u00e1 impulsando medidas de informaci\u00f3n, sensibilizaci\u00f3n y cumplimiento de la normativa para favorecer una adecuada convivencia entre los diferentes modos de desplazamiento en el municipio.<\/p>\n<\/div>\n","protected":false},"excerpt":{"rendered":"<p>\ud83d\udcdc\ud83d\udef4 La normativa, en vigor desde el 3 de septiembre de 2024, establece las condiciones de circulaci\u00f3n de los Veh\u00edculos de Movilidad Personal para garantizar la seguridad vial y la [&hellip;]<\/p>\n","protected":false},"author":1,"featured_media":25268,"comment_status":"open","ping_status":"open","sticky":false,"template":"","format":"standard","meta":{"inline_featured_image":false,"jnews-multi-image_gallery":[],"jnews_single_post":[],"jnews_primary_category":[],"jnews_social_meta":[],"jnews_override_counter":[],"jnews_post_split":[],"footnotes":""},"categories":[61],"tags":[438],"class_list":["post-25266","post","type-post","status-publish","format-standard","has-post-thumbnail","hentry","category-puerto-del-rosario","tag-seguridad-vial"],"jetpack_featured_media_url":"https:\/\/informacionlocal.es\/wp-content\/uploads\/2026\/09\/patinetes-en-fila-titu-scaled-1.jpg","_links":{"self":[{"href":"https:\/\/informacionlocal.es\/en\/wp-json\/wp\/v2\/posts\/25266","targetHints":{"allow":["GET"]}}],"collection":[{"href":"https:\/\/informacionlocal.es\/en\/wp-json\/wp\/v2\/posts"}],"about":[{"href":"https:\/\/informacionlocal.es\/en\/wp-json\/wp\/v2\/types\/post"}],"author":[{"embeddable":true,"href":"https:\/\/informacionlocal.es\/en\/wp-json\/wp\/v2\/users\/1"}],"replies":[{"embeddable":true,"href":"https:\/\/informacionlocal.es\/en\/wp-json\/wp\/v2\/comments?post=25266"}],"version-history":[{"count":0,"href":"https:\/\/informacionlocal.es\/en\/wp-json\/wp\/v2\/posts\/25266\/revisions"}],"wp:featuredmedia":[{"embeddable":true,"href":"https:\/\/informacionlocal.es\/en\/wp-json\/wp\/v2\/media\/25268"}],"wp:attachment":[{"href":"https:\/\/informacionlocal.es\/en\/wp-json\/wp\/v2\/media?parent=25266"}],"wp:term":[{"taxonomy":"category","embeddable":true,"href":"https:\/\/informacionlocal.es\/en\/wp-json\/wp\/v2\/categories?post=25266"},{"taxonomy":"post_tag","embeddable":true,"href":"https:\/\/informacionlocal.es\/en\/wp-json\/wp\/v2\/tags?post=25266"}],"curies":[{"name":"wp","href":"https:\/\/api.w.org\/{rel}","templated":true}]}}