{"id":25242,"date":"2026-09-04T16:02:03","date_gmt":"2026-09-04T15:02:03","guid":{"rendered":"https:\/\/informacionlocal.es\/apertura-del-periodo-extraordinario-de-matricula-de-la-escuela-insular-de-musica-de-fuerteventura-para-el-curso-2026-2027\/"},"modified":"2026-09-04T16:02:03","modified_gmt":"2026-09-04T15:02:03","slug":"apertura-del-periodo-extraordinario-de-matricula-de-la-escuela-insular-de-musica-de-fuerteventura-para-el-curso-2026-2027","status":"publish","type":"post","link":"https:\/\/informacionlocal.es\/en\/apertura-del-periodo-extraordinario-de-matricula-de-la-escuela-insular-de-musica-de-fuerteventura-para-el-curso-2026-2027\/","title":{"rendered":"Apertura del periodo extraordinario de matr\u00edcula de la Escuela Insular de M\u00fasica de Fuerteventura para el curso 2026\/2027"},"content":{"rendered":"<div class=\"entry-content\"><strong>4 septiembre, 2026<\/strong><\/p>\n<p><span lang=\"ES\">La Escuela Insular de M\u00fasica de Fuerteventura abre el plazo extraordinario de matr\u00edcula para el curso 2026\/2027.<\/span><\/p>\n<p><span lang=\"ES\">El plazo de presentaci\u00f3n de solicitudes estar\u00e1 habilitado desde las <b>10:00 horas del 7 de septiembre<\/b> hasta las <b>23:59 horas del 9 de septiembre de 2026<\/b>. La tramitaci\u00f3n deber\u00e1 realizarse exclusivamente de forma telem\u00e1tica a trav\u00e9s del enlace habilitado. <\/span><span lang=\"ES\"><span>https:\/\/sites.google.com\/cabildofuer.es\/escuelainsulardemusica?usp=sharing<\/span><\/span><\/p>\n<p><span lang=\"ES\">Los datos sobre las especialidades ofertadas, plazas vacantes y sus respectivos horarios estar\u00e1 disponible para su consulta en el apartado <b>PLAZAS VACANTES<\/b> a partir del <b>4 de septiembre de 2026<\/b>. Solo podr\u00e1n solicitarse las especialidades que figuren de forma activa en los desplegables del formulario de matr\u00edcula.<\/span><\/p>\n<p><span lang=\"ES\">Las plazas se asignar\u00e1n por riguroso orden de llegada de las solicitudes correctamente cumplimentadas. Cada aspirante podr\u00e1 optar a una \u00fanica especialidad principal, con la posibilidad de a\u00f1adir de forma opcional las materias complementarias de <i>Armon\u00eda Moderna<\/i> o el <i>Taller Danguereko BodyMusic<\/i>. Cabe recordar que la edad de admisi\u00f3n se determinar\u00e1 seg\u00fan los a\u00f1os cumplidos o por cumplir en el a\u00f1o natural de acceso, conforme al art\u00edculo 25 del Reglamento de R\u00e9gimen Interior del centro.<\/span><\/p>\n<p><span lang=\"ES\">Por otro lado, la inscripci\u00f3n para las agrupaciones (Banda, Orquesta, Coros, Combos, Percusi\u00f3n, Pulso y P\u00faa, Folclore) y talleres espec\u00edficos (Bajo El\u00e9ctrico y Desarrollo R\u00edtmico e Improvisaci\u00f3n) no se realizar\u00e1 mediante el formulario general. Las personas interesadas deber\u00e1n solicitar su plaza enviando un correo a musica@cabildofuer.es, tras lo cual realizar\u00e1n una entrevista previa de valoraci\u00f3n con el profesorado.<\/span><\/p>\n<p><span lang=\"ES\">Desde la administraci\u00f3n se recuerda la importancia de revisar adecuadamente la solicitud antes del env\u00edo, ya que las instancias incompletas o err\u00f3neas ser\u00e1n rechazadas de oficio<\/span><\/p>\n<\/div>\n","protected":false},"excerpt":{"rendered":"<p>4 septiembre, 2026 La Escuela Insular de M\u00fasica de Fuerteventura abre el plazo extraordinario de matr\u00edcula para el curso 2026\/2027. El plazo de presentaci\u00f3n de solicitudes estar\u00e1 habilitado desde las [&hellip;]<\/p>\n","protected":false},"author":1,"featured_media":25244,"comment_status":"open","ping_status":"open","sticky":false,"template":"","format":"standard","meta":{"inline_featured_image":false,"jnews-multi-image_gallery":[],"jnews_single_post":[],"jnews_primary_category":[],"jnews_social_meta":[],"jnews_override_counter":[],"jnews_post_split":[],"footnotes":""},"categories":[58],"tags":[82],"class_list":["post-25242","post","type-post","status-publish","format-standard","has-post-thumbnail","hentry","category-cabildo","tag-fuerteventura"],"jetpack_featured_media_url":"https:\/\/informacionlocal.es\/wp-content\/uploads\/2026\/09\/matrc3adcula-extraordinaria-eimf.png","_links":{"self":[{"href":"https:\/\/informacionlocal.es\/en\/wp-json\/wp\/v2\/posts\/25242","targetHints":{"allow":["GET"]}}],"collection":[{"href":"https:\/\/informacionlocal.es\/en\/wp-json\/wp\/v2\/posts"}],"about":[{"href":"https:\/\/informacionlocal.es\/en\/wp-json\/wp\/v2\/types\/post"}],"author":[{"embeddable":true,"href":"https:\/\/informacionlocal.es\/en\/wp-json\/wp\/v2\/users\/1"}],"replies":[{"embeddable":true,"href":"https:\/\/informacionlocal.es\/en\/wp-json\/wp\/v2\/comments?post=25242"}],"version-history":[{"count":0,"href":"https:\/\/informacionlocal.es\/en\/wp-json\/wp\/v2\/posts\/25242\/revisions"}],"wp:featuredmedia":[{"embeddable":true,"href":"https:\/\/informacionlocal.es\/en\/wp-json\/wp\/v2\/media\/25244"}],"wp:attachment":[{"href":"https:\/\/informacionlocal.es\/en\/wp-json\/wp\/v2\/media?parent=25242"}],"wp:term":[{"taxonomy":"category","embeddable":true,"href":"https:\/\/informacionlocal.es\/en\/wp-json\/wp\/v2\/categories?post=25242"},{"taxonomy":"post_tag","embeddable":true,"href":"https:\/\/informacionlocal.es\/en\/wp-json\/wp\/v2\/tags?post=25242"}],"curies":[{"name":"wp","href":"https:\/\/api.w.org\/{rel}","templated":true}]}}