{"id":25200,"date":"2026-09-02T22:01:51","date_gmt":"2026-09-02T21:01:51","guid":{"rendered":"https:\/\/informacionlocal.es\/el-mundo-del-futbol-majorero-homenajea-a-carlos-romero-con-un-torneo-femenino-en-los-pozos\/"},"modified":"2026-09-02T22:01:51","modified_gmt":"2026-09-02T21:01:51","slug":"el-mundo-del-futbol-majorero-homenajea-a-carlos-romero-con-un-torneo-femenino-en-los-pozos","status":"publish","type":"post","link":"https:\/\/informacionlocal.es\/en\/el-mundo-del-futbol-majorero-homenajea-a-carlos-romero-con-un-torneo-femenino-en-los-pozos\/","title":{"rendered":"El mundo del f\u00fatbol majorero homenajea a Carlos Romero con un torneo femenino en Los Pozos"},"content":{"rendered":"<div class=\"entry-content\"><strong>2 septiembre, 2026<\/strong><\/p>\n<h2><em>El I Memorial de F\u00fatbol Femenino reunir\u00e1 el 6 de septiembre al CD Pe\u00f1a de La Amistad, el CD Caday Fuerteventura y el Inter Playa Honda<\/em><\/h2>\n<p>El Cabildo de Fuerteventura acogi\u00f3 este mi\u00e9rcoles la presentaci\u00f3n del I Memorial de F\u00fatbol Femenino Carlos Romero, una nueva cita deportiva que organiza el CD Pe\u00f1a de la Amistad para rendir homenaje a la figura de quien fuera miembro de su directiva y una persona estrechamente vinculada al deporte y a la vida social de Fuerteventura.<\/p>\n<p>El torneo se celebrar\u00e1 el pr\u00f3ximo domingo, 6 de septiembre, a partir de las 11.30 horas, en el Campo Municipal de Los Pozos, con la participaci\u00f3n del CD Pe\u00f1a de La Amistad, el CD Caday Fuerteventura y el Inter Playa Honda. El evento cuenta con el apoyo del Cabildo de Fuerteventura, Ayuntamiento de Puerto del Rosario y\u00a0 Gobierno de Canarias.<\/p>\n<p>Para la presidenta del Cabildo de Fuerteventura, Lola Garc\u00eda, \u201cel f\u00fatbol femenino en Fuerteventura brilla como nunca y lo har\u00e1 este domingo con un memorial que es muy importante para el CD Pe\u00f1a de La Amistad, pero tambi\u00e9n para el Cabildo, Puerto del Rosario y Fuerteventura, porque rinde homenaje a la labor que hizo Carlos Romero por la sociedad majorera\u201d.<\/p>\n<p>En representaci\u00f3n del Gobierno de Canarias, el consejero de Pol\u00edtica Territorial, Cohesi\u00f3n Territorial y Aguas, Manuel Miranda, puso en valor \u201cel f\u00fatbol femenino majorero, \u00e1mbito en el que el CD Pe\u00f1a de la Amistad es todo un referente, con un torneo que recuerda la figura de Carlos Romero, una persona comprometida con la sociedad\u201d.<\/p>\n<p>El alcalde de Puerto del Rosario, David de Vera, reconoci\u00f3 el esfuerzo que est\u00e1n realizando el CD Pe\u00f1a de la Amistad y todas las personas implicadas para que este memorial sea una realidad. Por su parte, el consejero insular de Deportes, Luis Gonz\u00e1lez, dio la enhorabuena al club por la idea que han tenido: \u201cel deporte sirve de herramienta social, en este caso recordando una figura referente indispensable en el \u00e1mbito social y del CD Pe\u00f1a de la Amistad\u201d.<\/p>\n<p>En el acto de presentaci\u00f3n, participaron, adem\u00e1s, otros representantes del CD Pe\u00f1a de la Amistad, la entrenadora del equipo femenino del club, F\u00e1tima Rodr\u00edguez, familiares de Carlos Romero, as\u00ed como el director deportivo del Caday, Ra\u00fal Figueroa.<\/p>\n<h3><strong>Un homenaje a Carlos Romero<\/strong><\/h3>\n<p>El memorial nace como homenaje a Carlos Romero, figura estrechamente vinculada al Club Deportivo Pe\u00f1a de La Amistad y con una profunda trayectoria de compromiso con el deporte y la sociedad de Fuerteventura. Romero, fallecido el pasado a\u00f1o, fue durante a\u00f1os miembro de la directiva del club y particip\u00f3 activamente en su desarrollo.<\/p>\n<p>Su vinculaci\u00f3n con La Pe\u00f1a de La Amistad se enmarc\u00f3 adem\u00e1s en la trayectoria de una entidad con m\u00e1s de 50 a\u00f1os de historia, que desde su creaci\u00f3n en 1972 ha desarrollado una importante labor de promoci\u00f3n del deporte y de encuentro social en Puerto del Rosario, con especial atenci\u00f3n al deporte base.<\/p>\n<p>Carlos Romero fue tambi\u00e9n una figura destacada en el \u00e1mbito de los servicios sociales de Fuerteventura. Fue el primer trabajador social del Cabildo, instituci\u00f3n a la que se incorpor\u00f3 en 1985, y desarroll\u00f3 una amplia trayectoria vinculada a la defensa de los derechos sociales y al bienestar de la ciudadan\u00eda. En 2024, el Cabildo y el Colegio Oficial de Trabajo Social de Las Palmas descubrieron una placa en su honor en el Centro Insular de Juventud como reconocimiento a su trayectoria profesional y humana.<\/p>\n<h3>Tres equipos y protagonismo del f\u00fatbol femenino<\/h3>\n<p>El I Memorial reunir\u00e1 en el terreno de juego al CD Pe\u00f1a de La Amistad, uno de los principales referentes del f\u00fatbol femenino majorero; al CD Caday Fuerteventura y al Inter Playa Honda, que completar\u00e1n un torneo concebido como un espacio de encuentro y promoci\u00f3n del f\u00fatbol femenino.<\/p>\n<p>La celebraci\u00f3n del memorial coincide adem\u00e1s con un momento de especial impulso para esta disciplina en Fuerteventura, con el crecimiento de los equipos femeninos y una mayor presencia de las mujeres en las diferentes categor\u00edas y estructuras deportivas de la Isla.<\/p>\n<p>\u00a0<\/p>\n<\/div>\n","protected":false},"excerpt":{"rendered":"<p>2 septiembre, 2026 El I Memorial de F\u00fatbol Femenino reunir\u00e1 el 6 de septiembre al CD Pe\u00f1a de La Amistad, el CD Caday Fuerteventura y el Inter Playa Honda El [&hellip;]<\/p>\n","protected":false},"author":1,"featured_media":25202,"comment_status":"open","ping_status":"open","sticky":false,"template":"","format":"standard","meta":{"inline_featured_image":false,"jnews-multi-image_gallery":[],"jnews_single_post":[],"jnews_primary_category":[],"jnews_social_meta":[],"jnews_override_counter":[],"jnews_post_split":[],"footnotes":""},"categories":[58],"tags":[82],"class_list":["post-25200","post","type-post","status-publish","format-standard","has-post-thumbnail","hentry","category-cabildo","tag-fuerteventura"],"jetpack_featured_media_url":"https:\/\/informacionlocal.es\/wp-content\/uploads\/2026\/09\/dsc00519_1.jpg","_links":{"self":[{"href":"https:\/\/informacionlocal.es\/en\/wp-json\/wp\/v2\/posts\/25200","targetHints":{"allow":["GET"]}}],"collection":[{"href":"https:\/\/informacionlocal.es\/en\/wp-json\/wp\/v2\/posts"}],"about":[{"href":"https:\/\/informacionlocal.es\/en\/wp-json\/wp\/v2\/types\/post"}],"author":[{"embeddable":true,"href":"https:\/\/informacionlocal.es\/en\/wp-json\/wp\/v2\/users\/1"}],"replies":[{"embeddable":true,"href":"https:\/\/informacionlocal.es\/en\/wp-json\/wp\/v2\/comments?post=25200"}],"version-history":[{"count":0,"href":"https:\/\/informacionlocal.es\/en\/wp-json\/wp\/v2\/posts\/25200\/revisions"}],"wp:featuredmedia":[{"embeddable":true,"href":"https:\/\/informacionlocal.es\/en\/wp-json\/wp\/v2\/media\/25202"}],"wp:attachment":[{"href":"https:\/\/informacionlocal.es\/en\/wp-json\/wp\/v2\/media?parent=25200"}],"wp:term":[{"taxonomy":"category","embeddable":true,"href":"https:\/\/informacionlocal.es\/en\/wp-json\/wp\/v2\/categories?post=25200"},{"taxonomy":"post_tag","embeddable":true,"href":"https:\/\/informacionlocal.es\/en\/wp-json\/wp\/v2\/tags?post=25200"}],"curies":[{"name":"wp","href":"https:\/\/api.w.org\/{rel}","templated":true}]}}