{"id":25140,"date":"2026-09-01T12:01:09","date_gmt":"2026-09-01T11:01:09","guid":{"rendered":"https:\/\/informacionlocal.es\/la-gala-distinguidos-del-turismo-de-fuerteventura-2026-se-celebra-en-betancuria-a-propuesta-del-patronato-insular-de-turismo\/"},"modified":"2026-09-01T12:01:09","modified_gmt":"2026-09-01T11:01:09","slug":"la-gala-distinguidos-del-turismo-de-fuerteventura-2026-se-celebra-en-betancuria-a-propuesta-del-patronato-insular-de-turismo","status":"publish","type":"post","link":"https:\/\/informacionlocal.es\/en\/la-gala-distinguidos-del-turismo-de-fuerteventura-2026-se-celebra-en-betancuria-a-propuesta-del-patronato-insular-de-turismo\/","title":{"rendered":"La Gala Distinguidos del Turismo de Fuerteventura 2026 se celebra en Betancuria a propuesta del Patronato Insular de Turismo"},"content":{"rendered":"<div class=\"entry-content\"><strong>1 septiembre, 2026<\/strong><\/p>\n<h2><em>La cita tendr\u00e1 lugar este a\u00f1o en el casco hist\u00f3rico de Betancuria poniendo en valor su potencial patrimonial dentro de nuestra oferta tur\u00edstica insular<\/em><\/h2>\n<p>El Cabildo de Fuerteventura, a trav\u00e9s del Patronato Insular de Turismo, celebrar\u00e1 el pr\u00f3ximo viernes 25 de septiembre la Gala de los Premios Distinguidos del Turismo de Fuerteventura 2026. El acto tendr\u00e1 lugar en el casco hist\u00f3rico de Betancuria, en la Plaza de Santa Mar\u00eda de Betancuria, de 20.30 a 23.30 horas y reunir\u00e1 a los principales representantes del sector tur\u00edstico de la isla para reconocer la labor de quienes han contribuido al desarrollo, la calidad y la sostenibilidad del destino.<\/p>\n<p>Betancuria no celebraba una gala de estas caracter\u00edsticas desde el a\u00f1o 2009 y es uno de los municipios con mayor concentraci\u00f3n de legado patrimonial de Canarias, con un Conjunto Hist\u00f3rico declarado de Bien de Inter\u00e9s Cultural en 1979 y desde el a\u00f1o 2020 consta en el cat\u00e1logo de los Pueblos m\u00e1s Bonitos de Espa\u00f1a.<\/p>\n<p>Los Premios Distinguidos, denominados Playas de Oro, constituyen el principal reconocimiento institucional vinculado al turismo en Fuerteventura y cuentan con una trayectoria ininterrumpida desde 1986.<\/p>\n<h3>Los galardonados de esta edici\u00f3n son:<\/h3>\n<p><strong>Playas de Oro en la modalidad Empresa:<\/strong> Agualoe S.L., empresa majorera reconocida por su contribuci\u00f3n a la calidad y excelencia del sector tur\u00edstico de la isla.<\/p>\n<p><strong>Playas de Oro en la modalidad Trayectoria Individual:<\/strong> Sr. D. Ra\u00fal D\u00e1vila Falc\u00f3n, en reconocimiento a una trayectoria profesional destacada y sostenida en el tiempo al servicio del turismo de Fuerteventura.<\/p>\n<p><strong>Playas de Oro en la modalidad Fuerteventura Destino Azul:<\/strong> Sr. D. S\u00f6nke Schallmey, en reconocimiento a su compromiso con la conservaci\u00f3n del entorno marino y las playas de la isla.<\/p>\n<p><strong>Playas de Oro en la modalidad Cliente:<\/strong> Sr. D. Uwe Krug, en reconocimiento a su fidelidad como turista que ha elegido Fuerteventura como destino vacacional a\u00f1o tras a\u00f1o.<\/p>\n<p><strong>Menci\u00f3n Especial del Patronato Insular de Turismo de Fuerteventura:<\/strong> Sr. D. Santiago Travieso Quintana, a t\u00edtulo p\u00f3stumo, en reconocimiento a su contribuci\u00f3n al turismo de Fuerteventura.<\/p>\n<p>Para la presidenta del Cabildo de Fuerteventura, Lola Garc\u00eda, \u201ces importante reconocer a las personas, empresas y colectivos que, gracias a su trabajo, ofrecen un servicio de calidad y sostenible, primando el respeto por nuestro modo de vida y el territorio\u201d.<\/p>\n<p>\u201cPremiados y premiadas que hacen de Fuerteventura un ejemplo de destino tur\u00edstico, con una menci\u00f3n especial muy significativa este a\u00f1o a Santiago Travieso, referente period\u00edstico para Fuerteventura\u201d, a\u00f1ade Garc\u00eda.<\/p>\n<p>La consejera de Turismo del Cabildo de Fuerteventura y vicepresidenta del Patronato Insular de Turismo, Marlene Figueroa, subray\u00f3 que \u00ablos Premios Distinguidos son el momento en que la isla reconoce a quienes lo han hecho mejor. Cada galard\u00f3n representa a\u00f1os de trabajo, compromiso y amor por Fuerteventura, y eso merece ser celebrado\u00bb.<\/p>\n<p>La consejera destac\u00f3 tambi\u00e9n que \u00abeste a\u00f1o la Menci\u00f3n Especial tiene un significado particular. Reconocer a t\u00edtulo p\u00f3stumo la figura de Santiago Travieso Quintana es una forma de honrar su legado y de recordar que el turismo de Fuerteventura es tambi\u00e9n la historia de las personas que lo construyeron\u00bb, y eso merece ser celebrado, pero tambi\u00e9n es el momento de aprovechar este tipo de citas anuales para poner en valor nuestra oferta patrimonial en entornos emblem\u00e1ticos, como este a\u00f1o lo hacemos en Betancuria, como punto tur\u00edstico ineludible en la isla para conocer nuestra identidad y ra\u00edces\u00bb.<\/p>\n<p>Con esta gala, el Patronato Insular de Turismo de Fuerteventura reafirma su compromiso con el reconocimiento del talento y la dedicaci\u00f3n de quienes impulsan cada d\u00eda el posicionamiento de la isla como destino tur\u00edstico de referencia en el panorama europeo.<\/p>\n<\/div>\n","protected":false},"excerpt":{"rendered":"<p>1 septiembre, 2026 La cita tendr\u00e1 lugar este a\u00f1o en el casco hist\u00f3rico de Betancuria poniendo en valor su potencial patrimonial dentro de nuestra oferta tur\u00edstica insular El Cabildo de [&hellip;]<\/p>\n","protected":false},"author":1,"featured_media":25142,"comment_status":"open","ping_status":"open","sticky":false,"template":"","format":"standard","meta":{"inline_featured_image":false,"jnews-multi-image_gallery":[],"jnews_single_post":[],"jnews_primary_category":[],"jnews_social_meta":[],"jnews_override_counter":[],"jnews_post_split":[],"footnotes":""},"categories":[58],"tags":[82,65],"class_list":["post-25140","post","type-post","status-publish","format-standard","has-post-thumbnail","hentry","category-cabildo","tag-fuerteventura","tag-municipios"],"jetpack_featured_media_url":"https:\/\/informacionlocal.es\/wp-content\/uploads\/2026\/09\/iglesia-de-betancuria-scaled.jpg","_links":{"self":[{"href":"https:\/\/informacionlocal.es\/en\/wp-json\/wp\/v2\/posts\/25140","targetHints":{"allow":["GET"]}}],"collection":[{"href":"https:\/\/informacionlocal.es\/en\/wp-json\/wp\/v2\/posts"}],"about":[{"href":"https:\/\/informacionlocal.es\/en\/wp-json\/wp\/v2\/types\/post"}],"author":[{"embeddable":true,"href":"https:\/\/informacionlocal.es\/en\/wp-json\/wp\/v2\/users\/1"}],"replies":[{"embeddable":true,"href":"https:\/\/informacionlocal.es\/en\/wp-json\/wp\/v2\/comments?post=25140"}],"version-history":[{"count":0,"href":"https:\/\/informacionlocal.es\/en\/wp-json\/wp\/v2\/posts\/25140\/revisions"}],"wp:featuredmedia":[{"embeddable":true,"href":"https:\/\/informacionlocal.es\/en\/wp-json\/wp\/v2\/media\/25142"}],"wp:attachment":[{"href":"https:\/\/informacionlocal.es\/en\/wp-json\/wp\/v2\/media?parent=25140"}],"wp:term":[{"taxonomy":"category","embeddable":true,"href":"https:\/\/informacionlocal.es\/en\/wp-json\/wp\/v2\/categories?post=25140"},{"taxonomy":"post_tag","embeddable":true,"href":"https:\/\/informacionlocal.es\/en\/wp-json\/wp\/v2\/tags?post=25140"}],"curies":[{"name":"wp","href":"https:\/\/api.w.org\/{rel}","templated":true}]}}