{"id":25116,"date":"2026-08-31T15:01:03","date_gmt":"2026-08-31T14:01:03","guid":{"rendered":"https:\/\/informacionlocal.es\/la-historia-de-los-correillos-regresa-a-fuerteventura-con-la-exposicion-el-humo-del-progreso\/"},"modified":"2026-08-31T15:01:03","modified_gmt":"2026-08-31T14:01:03","slug":"la-historia-de-los-correillos-regresa-a-fuerteventura-con-la-exposicion-el-humo-del-progreso","status":"publish","type":"post","link":"https:\/\/informacionlocal.es\/en\/la-historia-de-los-correillos-regresa-a-fuerteventura-con-la-exposicion-el-humo-del-progreso\/","title":{"rendered":"La historia de los corre\u00edllos regresa a Fuerteventura con la exposici\u00f3n \u2018El Humo del Progreso\u2019"},"content":{"rendered":"<div class=\"entry-content\"><strong>31 agosto, 2026<\/strong><\/p>\n<h2><em>La muestra se inaugura el 11 de septiembre en el Centro de Arte Juan Ismael, donde podr\u00e1 visitarse hasta el 7 de noviembre<\/em><\/h2>\n<p>La historia de los corre\u00edllos regresa a Fuerteventura con \u2018El Humo del Progreso. El Corre\u00edllo La Palma, su \u00e9poca y recuperaci\u00f3n\u2019, una exposici\u00f3n que podr\u00e1 visitarse en el Centro de Arte Juan Ismael de Puerto del Rosario desde el pr\u00f3ximo 11 de septiembre hasta el 7 de noviembre. La inauguraci\u00f3n tendr\u00e1 lugar ese mismo viernes a las 20.30 horas.<\/p>\n<p>\u2018El Humo del Progreso\u2019 recorre la transformaci\u00f3n que experiment\u00f3 Canarias con el desarrollo de las comunicaciones mar\u00edtimas regulares, desde el paso de la navegaci\u00f3n a vela a la de vapor y la llegada de los corre\u00edllos. La exposici\u00f3n aborda tambi\u00e9n la recuperaci\u00f3n y restauraci\u00f3n del Corre\u00edllo La Palma, botado en 1912 y \u00fanico superviviente de aquella \u00e9poca.<\/p>\n<p>Los corre\u00edllos transportaron durante d\u00e9cadas pasajeros, mercanc\u00edas y correspondencia y desempe\u00f1aron un papel fundamental en la conexi\u00f3n entre las islas, contribuyendo al desarrollo econ\u00f3mico y social y a la vertebraci\u00f3n del Archipi\u00e9lago. Su presencia tambi\u00e9n forma parte de la historia de Fuerteventura, donde estos barcos comunicaron Puerto del Rosario con otros n\u00facleos de la Isla como Morro Jable, Matas Blancas, Gran Tarajal, Tarajalejo y Pozo Negro.<\/p>\n<p>La exposici\u00f3n permitir\u00e1, de este modo, acercar al p\u00fablico majorero una parte de la historia mar\u00edtima de Fuerteventura y recordar la estrecha relaci\u00f3n de la Isla con los corre\u00edllos, entre ellos el vapor Fuerteventura, que precisamente tom\u00f3 su nombre de la Isla.<\/p>\n<p>La muestra est\u00e1 auspiciada por el Cabildo de Fuerteventura, a trav\u00e9s de la consejer\u00eda de Cultura y el Ayuntamiento de Puerto del Rosario y ha sido creada por la Fundaci\u00f3n Canaria Corre\u00edllo La Palma y el Organismo Aut\u00f3nomo de Museos y Centros del Cabildo de Tenerife, con la colaboraci\u00f3n de Puertos del Estado. La exposici\u00f3n ha itinerado por diferentes salas de Canarias y ha sido reconocida con dos galardones en los Premios Canarias de Dise\u00f1o 2025.<\/p>\n<h3>Actividades para recuperar la memoria mar\u00edtima<\/h3>\n<p>La muestra estar\u00e1 acompa\u00f1ada de un programa de actividades paralelas centrado en la divulgaci\u00f3n y conservaci\u00f3n del patrimonio cultural mar\u00edtimo y en la recuperaci\u00f3n de la memoria oral. Entre ellas se encuentra \u2018Hablando de Corre\u00edllos\u2019, un encuentro con personas mayores destinado a recoger sus recuerdos y experiencias vinculados a estos barcos, as\u00ed como una jornada t\u00e9cnica sobre la restauraci\u00f3n del Corre\u00edllo La Palma.<\/p>\n<p>El programa incluir\u00e1 adem\u00e1s charlas sobre patrimonio y cultura mar\u00edtima, entre ellas \u2018Peripecias de un vapor llamado Fuerteventura\u2019 y \u2018Fuerteventura y la restauraci\u00f3n del Corre\u00edllo La Palma\u2019, adem\u00e1s de visitas guiadas a la exposici\u00f3n dirigidas especialmente a centros educativos y colectivos sociales.<\/p>\n<\/div>\n","protected":false},"excerpt":{"rendered":"<p>31 agosto, 2026 La muestra se inaugura el 11 de septiembre en el Centro de Arte Juan Ismael, donde podr\u00e1 visitarse hasta el 7 de noviembre La historia de los [&hellip;]<\/p>\n","protected":false},"author":1,"featured_media":25118,"comment_status":"open","ping_status":"open","sticky":false,"template":"","format":"standard","meta":{"inline_featured_image":false,"jnews-multi-image_gallery":[],"jnews_single_post":[],"jnews_primary_category":[],"jnews_social_meta":[],"jnews_override_counter":[],"jnews_post_split":[],"footnotes":""},"categories":[58],"tags":[82],"class_list":["post-25116","post","type-post","status-publish","format-standard","has-post-thumbnail","hentry","category-cabildo","tag-fuerteventura"],"jetpack_featured_media_url":"https:\/\/informacionlocal.es\/wp-content\/uploads\/2026\/08\/expo-correillos-ehp.jpeg","_links":{"self":[{"href":"https:\/\/informacionlocal.es\/en\/wp-json\/wp\/v2\/posts\/25116","targetHints":{"allow":["GET"]}}],"collection":[{"href":"https:\/\/informacionlocal.es\/en\/wp-json\/wp\/v2\/posts"}],"about":[{"href":"https:\/\/informacionlocal.es\/en\/wp-json\/wp\/v2\/types\/post"}],"author":[{"embeddable":true,"href":"https:\/\/informacionlocal.es\/en\/wp-json\/wp\/v2\/users\/1"}],"replies":[{"embeddable":true,"href":"https:\/\/informacionlocal.es\/en\/wp-json\/wp\/v2\/comments?post=25116"}],"version-history":[{"count":0,"href":"https:\/\/informacionlocal.es\/en\/wp-json\/wp\/v2\/posts\/25116\/revisions"}],"wp:featuredmedia":[{"embeddable":true,"href":"https:\/\/informacionlocal.es\/en\/wp-json\/wp\/v2\/media\/25118"}],"wp:attachment":[{"href":"https:\/\/informacionlocal.es\/en\/wp-json\/wp\/v2\/media?parent=25116"}],"wp:term":[{"taxonomy":"category","embeddable":true,"href":"https:\/\/informacionlocal.es\/en\/wp-json\/wp\/v2\/categories?post=25116"},{"taxonomy":"post_tag","embeddable":true,"href":"https:\/\/informacionlocal.es\/en\/wp-json\/wp\/v2\/tags?post=25116"}],"curies":[{"name":"wp","href":"https:\/\/api.w.org\/{rel}","templated":true}]}}