{"id":2259,"date":"2025-04-17T15:03:47","date_gmt":"2025-04-17T15:03:47","guid":{"rendered":"https:\/\/informacionlocal.es\/sports-music-and-tradition-are-the-focus-of-the-program-of-the-festivities-in-honor-of-our-lady-of-the-immaculate-conception-in-la-lajita\/"},"modified":"2025-04-18T09:32:13","modified_gmt":"2025-04-18T09:32:13","slug":"sports-music-and-tradition-are-the-focus-of-the-program-of-the-festivities-in-honor-of-our-lady-of-the-immaculate-conception-in-la-lajita","status":"publish","type":"post","link":"https:\/\/informacionlocal.es\/en\/sports-music-and-tradition-are-the-focus-of-the-program-of-the-festivities-in-honor-of-our-lady-of-the-immaculate-conception-in-la-lajita\/","title":{"rendered":"Sports, music and tradition are the focus of the program of the festivities in honor of Our Lady of the Immaculate Conception in La Lajita."},"content":{"rendered":"<div class=\"entry-content\">\n<p><b><i>The City Council organizes different events that will take place from Monday, April 21, until April 27.<\/i><\/b><\/p>\n<p><span>The City Council of Pajara, through the Department of Festivities, presents the program of events for the festivities in honor of Our Lady of the Immaculate Conception in La Lajita, to be held from Monday, April 21, until April 27, with a planning full of tradition, sports, culture and activities for the whole family.  <\/span><\/p>\n<p><span>The councilman of Festivities, Juan Jos\u00e9 Viera, invites citizens to enjoy this festival that is designed for all ages. &#8220;During these days, the town will host soccer tournaments for children and adults, traditional games by the Cabildo of Fuerteventura, as well as exhibitions of various forms of wrestling, among other activities,&#8221; he says.   <\/span><\/p>\n<p><span>Also, Juan Jos\u00e9 Viera thanked the Festivities Commission, as well as technicians and municipal staff who have worked to carry out this program.  <\/span><\/p>\n<p><span>The program also includes a Scale in Hifi for children and adults, and various dance performances by the companies of the municipality, a children&#8217;s gala and various shows for all audiences. In addition, throughout the week there will be attractions for the entertainment of young and old.   <\/span><\/p>\n<p><span>One of the most anticipated moments will come on Friday, April 25, from 20:00 hours, with the celebration of the II Encuentro de Cuerdas, which will feature performances by the groups El Callao, the Agrupaci\u00f3n Folcl\u00f3rica San Antonio Abad La Florida and La Seren\u00e1.  <\/span><\/p>\n<p><span>On Saturday, April 26, from 2:00 pm, the Bir\u00f3n Fest will be held, a festive event aimed especially at young people, with music and an atmosphere designed for the enjoyment of all.  <\/span><\/p>\n<p><span>As a finale, on Sunday, April 27, will be held the religious function and procession in honor of the patron saint, accompanied by the Municipal Band of P\u00e1jara, followed by a party for the elderly.<\/span><\/p>\n<p><img loading=\"lazy\" decoding=\"async\" loading=\"lazy\" class=\"alignnone size-medium wp-image-20057\" src=\"https:\/\/informacionlocal.es\/wp-content\/uploads\/2025\/04\/cartel-la-lajita-abril-212x300-1.jpg\" width=\"212\" height=\"300\" title=\"cartel-la-lajita-abril-212x300-1\"><\/p>\n<div>Share<\/div>\n<\/div>\n","protected":false},"excerpt":{"rendered":"<p><i>The City Council organizes different events that will take place from Monday, April 21, until April 27.<\/i><\/p>\n","protected":false},"author":1,"featured_media":2242,"comment_status":"open","ping_status":"open","sticky":false,"template":"","format":"standard","meta":{"inline_featured_image":false,"jnews-multi-image_gallery":[],"jnews_single_post":[],"jnews_primary_category":[],"jnews_social_meta":[],"jnews_override_counter":[],"jnews_post_split":[],"footnotes":""},"categories":[296],"tags":[190],"class_list":["post-2259","post","type-post","status-publish","format-standard","has-post-thumbnail","hentry","category-pajara-en","tag-fuerteventura-en"],"jetpack_featured_media_url":"https:\/\/informacionlocal.es\/wp-content\/uploads\/2025\/04\/cartel-la-lajita-abril-scaled-1.jpg","_links":{"self":[{"href":"https:\/\/informacionlocal.es\/en\/wp-json\/wp\/v2\/posts\/2259","targetHints":{"allow":["GET"]}}],"collection":[{"href":"https:\/\/informacionlocal.es\/en\/wp-json\/wp\/v2\/posts"}],"about":[{"href":"https:\/\/informacionlocal.es\/en\/wp-json\/wp\/v2\/types\/post"}],"author":[{"embeddable":true,"href":"https:\/\/informacionlocal.es\/en\/wp-json\/wp\/v2\/users\/1"}],"replies":[{"embeddable":true,"href":"https:\/\/informacionlocal.es\/en\/wp-json\/wp\/v2\/comments?post=2259"}],"version-history":[{"count":1,"href":"https:\/\/informacionlocal.es\/en\/wp-json\/wp\/v2\/posts\/2259\/revisions"}],"predecessor-version":[{"id":2287,"href":"https:\/\/informacionlocal.es\/en\/wp-json\/wp\/v2\/posts\/2259\/revisions\/2287"}],"wp:featuredmedia":[{"embeddable":true,"href":"https:\/\/informacionlocal.es\/en\/wp-json\/wp\/v2\/media\/2242"}],"wp:attachment":[{"href":"https:\/\/informacionlocal.es\/en\/wp-json\/wp\/v2\/media?parent=2259"}],"wp:term":[{"taxonomy":"category","embeddable":true,"href":"https:\/\/informacionlocal.es\/en\/wp-json\/wp\/v2\/categories?post=2259"},{"taxonomy":"post_tag","embeddable":true,"href":"https:\/\/informacionlocal.es\/en\/wp-json\/wp\/v2\/tags?post=2259"}],"curies":[{"name":"wp","href":"https:\/\/api.w.org\/{rel}","templated":true}]}}