{"id":2129,"date":"2025-04-16T08:12:53","date_gmt":"2025-04-16T08:12:53","guid":{"rendered":"https:\/\/informacionlocal.es\/pajara-recognizes-the-efforts-of-young-karateka-who-obtain-the-black-belt\/"},"modified":"2025-04-16T08:12:53","modified_gmt":"2025-04-16T08:12:53","slug":"pajara-recognizes-the-efforts-of-young-karateka-who-obtain-the-black-belt","status":"publish","type":"post","link":"https:\/\/informacionlocal.es\/en\/pajara-recognizes-the-efforts-of-young-karateka-who-obtain-the-black-belt\/","title":{"rendered":"P\u00e1jara recognizes the efforts of young karateka who obtain the black belt."},"content":{"rendered":"<div class=\"entry-content\">\n<p><span>The Department of Sports of the City Council of Pajara has participated today in the official delivery of Karate belts to the students of the CAM El Jable who have reached this level after years of training. The event took place in the Karate hall located in the Campo de Lucha de Morro Jable. <\/span><\/p>\n<p><span>During the event, the councilman of Sports, Jos\u00e9 Benito Alonso, was present, who wanted to accompany the students and was in charge of handing out the diplomas.  <\/span><\/p>\n<p><span>The councilman has valued the effort, perseverance and discipline that this sport transmits. &#8220;These are fundamental values for the personal and sporting growth of our young people,&#8221; he said, also reaffirmed the commitment of the City Council with the promotion of grassroots sport and support for disciplines that contribute to the integral development of youth.   <\/span><\/p>\n<p><span>On this occasion, four young athletes have managed to reach the black belt, culminating a stage of demand and commitment to Karate. From the City Council of P\u00e1jara we want to congratulate Athenea Garc\u00eda, Luc\u00eda Barry, Helena Lorenzo and Carlos Fonseca for this important sporting merit.   <\/span><\/p>\n<\/p>\n<div>Share<\/div>\n<\/div>\n","protected":false},"excerpt":{"rendered":"<p>The Department of Sports of the City Council of Pajara has participated today in the official delivery of Karate belts to the students of the CAM El Jable who have [&hellip;]<\/p>\n","protected":false},"author":1,"featured_media":2126,"comment_status":"open","ping_status":"open","sticky":false,"template":"","format":"standard","meta":{"inline_featured_image":false,"jnews-multi-image_gallery":[],"jnews_single_post":[],"jnews_primary_category":[],"jnews_social_meta":[],"jnews_override_counter":[],"jnews_post_split":[],"footnotes":""},"categories":[296],"tags":[],"class_list":["post-2129","post","type-post","status-publish","format-standard","has-post-thumbnail","hentry","category-pajara-en"],"jetpack_featured_media_url":"https:\/\/informacionlocal.es\/wp-content\/uploads\/2025\/04\/karate-e1744727013319.png","_links":{"self":[{"href":"https:\/\/informacionlocal.es\/en\/wp-json\/wp\/v2\/posts\/2129","targetHints":{"allow":["GET"]}}],"collection":[{"href":"https:\/\/informacionlocal.es\/en\/wp-json\/wp\/v2\/posts"}],"about":[{"href":"https:\/\/informacionlocal.es\/en\/wp-json\/wp\/v2\/types\/post"}],"author":[{"embeddable":true,"href":"https:\/\/informacionlocal.es\/en\/wp-json\/wp\/v2\/users\/1"}],"replies":[{"embeddable":true,"href":"https:\/\/informacionlocal.es\/en\/wp-json\/wp\/v2\/comments?post=2129"}],"version-history":[{"count":0,"href":"https:\/\/informacionlocal.es\/en\/wp-json\/wp\/v2\/posts\/2129\/revisions"}],"wp:featuredmedia":[{"embeddable":true,"href":"https:\/\/informacionlocal.es\/en\/wp-json\/wp\/v2\/media\/2126"}],"wp:attachment":[{"href":"https:\/\/informacionlocal.es\/en\/wp-json\/wp\/v2\/media?parent=2129"}],"wp:term":[{"taxonomy":"category","embeddable":true,"href":"https:\/\/informacionlocal.es\/en\/wp-json\/wp\/v2\/categories?post=2129"},{"taxonomy":"post_tag","embeddable":true,"href":"https:\/\/informacionlocal.es\/en\/wp-json\/wp\/v2\/tags?post=2129"}],"curies":[{"name":"wp","href":"https:\/\/api.w.org\/{rel}","templated":true}]}}