{"id":20717,"date":"2026-04-30T18:01:15","date_gmt":"2026-04-30T17:01:15","guid":{"rendered":"https:\/\/informacionlocal.es\/las-fiestas-de-triquivijate-comienzan-con-pregon-vecinal-y-brindis-popular\/"},"modified":"2026-04-30T18:01:15","modified_gmt":"2026-04-30T17:01:15","slug":"las-fiestas-de-triquivijate-comienzan-con-pregon-vecinal-y-brindis-popular","status":"publish","type":"post","link":"https:\/\/informacionlocal.es\/en\/las-fiestas-de-triquivijate-comienzan-con-pregon-vecinal-y-brindis-popular\/","title":{"rendered":"Las Fiestas de Triquivijate comienzan con Preg\u00f3n Vecinal y Brindis Popular"},"content":{"rendered":"<div class=\"elementor-widget-container\">\n<p><strong>Las Fiestas de Triquivijate comienzan con Preg\u00f3n Vecinal y Brindis Popular<\/strong><\/p>\n<p><strong>\u2022 Este viernes 1 de mayo a las 20:00 horas, Proyecci\u00f3n de V\u00eddeo Preg\u00f3n Vecinal con la colaboraci\u00f3n magistral del querido presentador Jos\u00e9 Francisco Montesdeoca. <\/strong><br \/><strong>\u2022 Tras el Preg\u00f3n de las Fiestas, Brindis Popular con actuaci\u00f3n de m\u00fasica en vivo.<\/strong><br \/><strong>\u2022 El s\u00e1bado 2 por la tarde, Romer\u00eda en Honor a San Isidro Labrador y Santa Mar\u00eda de la Cabeza, y por la noche, Baile de Taifa y Verbena con Parranda El Callao y D\u00fao Flor.<\/strong><\/p>\n<p>El pueblo de Triquivijate comienza sus Fiestas en Honor San Isidro Labrador y Santa Mar\u00eda de la Cabeza, con la proyecci\u00f3n este viernes 1 de mayo a las 20:00 horas, de un Preg\u00f3n Vecinal, Brindis popular y m\u00fasica en vivo.<\/p>\n<p>Una programaci\u00f3n festiva decidida por los vecinos y vecinas del pueblo en Comisi\u00f3n de Fiestas y financiada mayoritariamente por el Ayuntamiento de Antigua, combinando emoci\u00f3n de recuerdos, devoci\u00f3n religiosa y todas las ganas de celebrar las verbenas que nos caracterizan, se\u00f1ala el alcalde, Mat\u00edas Pe\u00f1a Garc\u00eda.<\/p>\n<p>Los actos oficiales comienzan este viernes con Preg\u00f3n Vecinal presentado por el querido y conocido presentador, Jos\u00e9 Francisco Montesdeoca, y a\u00f1ade el concejal de Festejos, Pedro M. Armas Mart\u00edn, tras el preg\u00f3n, Brindis Popular, amenizado con m\u00fasica en vivo.<\/p>\n<p>El s\u00e1bado 2 de mayo, la tradici\u00f3n protagoniza el programa con la celebraci\u00f3n de la Romer\u00eda en Honor a San Isidro Labrador y Santa Mar\u00eda de la Cabeza, y por la noche a partir de las 22:00 horas, a\u00f1ade el concejal, Baile de Taifa y posterior Verbena con la Parranda El Callao y el D\u00fao Flor,<\/p>\n<p>\u00a0<\/p>\n<\/div>\n","protected":false},"excerpt":{"rendered":"<p><strong>Las Fiestas de Triquivijate comienzan con Preg\u00f3n Vecinal y Brindis Popular<\/strong><\/p>\n","protected":false},"author":1,"featured_media":20719,"comment_status":"open","ping_status":"open","sticky":false,"template":"","format":"standard","meta":{"inline_featured_image":false,"jnews-multi-image_gallery":[],"jnews_single_post":[],"jnews_primary_category":[],"jnews_social_meta":[],"jnews_override_counter":[],"jnews_post_split":[],"footnotes":""},"categories":[59],"tags":[],"class_list":["post-20717","post","type-post","status-publish","format-standard","has-post-thumbnail","hentry","category-antigua"],"jetpack_featured_media_url":"https:\/\/informacionlocal.es\/wp-content\/uploads\/2026\/04\/fiestas-triquivijate-scaled-1.jpg","_links":{"self":[{"href":"https:\/\/informacionlocal.es\/en\/wp-json\/wp\/v2\/posts\/20717","targetHints":{"allow":["GET"]}}],"collection":[{"href":"https:\/\/informacionlocal.es\/en\/wp-json\/wp\/v2\/posts"}],"about":[{"href":"https:\/\/informacionlocal.es\/en\/wp-json\/wp\/v2\/types\/post"}],"author":[{"embeddable":true,"href":"https:\/\/informacionlocal.es\/en\/wp-json\/wp\/v2\/users\/1"}],"replies":[{"embeddable":true,"href":"https:\/\/informacionlocal.es\/en\/wp-json\/wp\/v2\/comments?post=20717"}],"version-history":[{"count":0,"href":"https:\/\/informacionlocal.es\/en\/wp-json\/wp\/v2\/posts\/20717\/revisions"}],"wp:featuredmedia":[{"embeddable":true,"href":"https:\/\/informacionlocal.es\/en\/wp-json\/wp\/v2\/media\/20719"}],"wp:attachment":[{"href":"https:\/\/informacionlocal.es\/en\/wp-json\/wp\/v2\/media?parent=20717"}],"wp:term":[{"taxonomy":"category","embeddable":true,"href":"https:\/\/informacionlocal.es\/en\/wp-json\/wp\/v2\/categories?post=20717"},{"taxonomy":"post_tag","embeddable":true,"href":"https:\/\/informacionlocal.es\/en\/wp-json\/wp\/v2\/tags?post=20717"}],"curies":[{"name":"wp","href":"https:\/\/api.w.org\/{rel}","templated":true}]}}