{"id":20699,"date":"2026-04-30T15:03:13","date_gmt":"2026-04-30T14:03:13","guid":{"rendered":"https:\/\/informacionlocal.es\/pajara-mejora-el-menu-de-sus-escuelas-infantiles-con-un-enfoque-nutricional-adaptado-a-la-primera-infancia\/"},"modified":"2026-04-30T15:03:13","modified_gmt":"2026-04-30T14:03:13","slug":"pajara-mejora-el-menu-de-sus-escuelas-infantiles-con-un-enfoque-nutricional-adaptado-a-la-primera-infancia","status":"publish","type":"post","link":"https:\/\/informacionlocal.es\/en\/pajara-mejora-el-menu-de-sus-escuelas-infantiles-con-un-enfoque-nutricional-adaptado-a-la-primera-infancia\/","title":{"rendered":"P\u00e1jara mejora el men\u00fa de sus escuelas infantiles con un enfoque nutricional adaptado a la primera infancia"},"content":{"rendered":"<div class=\"entry-content\">\n<p><b><i>Con esta medida se pretende garantizar una alimentaci\u00f3n equilibrada y saludable, cumpliendo con las necesidades reales del alumnado\u00a0<\/i><\/b><\/p>\n<p><span>El Ayuntamiento de P\u00e1jara, a trav\u00e9s de la Concejal\u00eda de Escuelas Infantiles que dirige Nuria Moares, ha llevado a cabo una actualizaci\u00f3n integral del men\u00fa escolar de las escuelas infantiles del municipio, con el asesoramiento de la nutricionista Laura Perdomo.<\/span><\/p>\n<p><span>Este cambio responde a un proceso largo, minucioso y especialmente delicado, en el que se ha trabajado con el m\u00e1ximo cuidado para garantizar una alimentaci\u00f3n equilibrada, saludable y adaptada a las necesidades reales del alumnado.<\/span><\/p>\n<p><span>\u201cHa sido un camino complejo, con muchos procedimientos, adaptaciones y revisiones porque hablamos de una etapa muy sensible. En nuestras escuelas contamos con beb\u00e9s desde los 6 meses, lo que exige una adaptaci\u00f3n muy espec\u00edfica de los men\u00fas\u201d, se\u00f1ala la responsable del \u00c1rea, Nuria Moares.<\/span><\/p>\n<p><span>Por su parte, el alcalde, Alejandro Jorge, destaca el importante papel del personal de cocina de las escuelas infantiles, que ser\u00e1 clave en la elaboraci\u00f3n diaria de los platos con dedicaci\u00f3n y profesionalidad. \u201cP\u00e1jara es un municipio comprometido con el bienestar y la salud de los m\u00e1s peque\u00f1os y peque\u00f1as\u201d, se\u00f1ala.\u00a0<\/span><\/p>\n<p><span>El nuevo men\u00fa prioriza la calidad nutricional, la variedad y la adaptaci\u00f3n progresiva de los alimentos seg\u00fan la edad, respetando siempre los ritmos de desarrollo de los ni\u00f1os y ni\u00f1as. Adem\u00e1s, se ha tenido en cuenta la textura, la introducci\u00f3n de alimentos y la seguridad alimentaria en cada etapa.<\/span><\/p>\n<p><span>Esta acci\u00f3n ha sido trasladada directamente a las familias, con el objetivo de mantener una comunicaci\u00f3n cercana y permitir un seguimiento adecuado de la alimentaci\u00f3n de los menores.<\/span><\/p>\n<p><span>Esta iniciativa reafirma el compromiso del Ayuntamiento de P\u00e1jara con el bienestar infantil, apostando por una alimentaci\u00f3n saludable desde las primeras etapas de la vida.<\/span><\/p>\n<\/div>\n","protected":false},"excerpt":{"rendered":"<p><i>Con esta medida se pretende garantizar una alimentaci\u00f3n equilibrada y saludable, cumpliendo con las necesidades reales del alumnado\u00a0<\/i><\/p>\n","protected":false},"author":1,"featured_media":20701,"comment_status":"open","ping_status":"open","sticky":false,"template":"","format":"standard","meta":{"inline_featured_image":false,"jnews-multi-image_gallery":[],"jnews_single_post":[],"jnews_primary_category":[],"jnews_social_meta":[],"jnews_override_counter":[],"jnews_post_split":[],"footnotes":""},"categories":[63],"tags":[],"class_list":["post-20699","post","type-post","status-publish","format-standard","has-post-thumbnail","hentry","category-pajara"],"jetpack_featured_media_url":"https:\/\/informacionlocal.es\/wp-content\/uploads\/2026\/04\/pajara-mejora-el-menu-de-sus-escuelas-infantiles-con-un-enfoque-nutricional-adaptado-a-la-primera-infancia.jpeg","_links":{"self":[{"href":"https:\/\/informacionlocal.es\/en\/wp-json\/wp\/v2\/posts\/20699","targetHints":{"allow":["GET"]}}],"collection":[{"href":"https:\/\/informacionlocal.es\/en\/wp-json\/wp\/v2\/posts"}],"about":[{"href":"https:\/\/informacionlocal.es\/en\/wp-json\/wp\/v2\/types\/post"}],"author":[{"embeddable":true,"href":"https:\/\/informacionlocal.es\/en\/wp-json\/wp\/v2\/users\/1"}],"replies":[{"embeddable":true,"href":"https:\/\/informacionlocal.es\/en\/wp-json\/wp\/v2\/comments?post=20699"}],"version-history":[{"count":0,"href":"https:\/\/informacionlocal.es\/en\/wp-json\/wp\/v2\/posts\/20699\/revisions"}],"wp:featuredmedia":[{"embeddable":true,"href":"https:\/\/informacionlocal.es\/en\/wp-json\/wp\/v2\/media\/20701"}],"wp:attachment":[{"href":"https:\/\/informacionlocal.es\/en\/wp-json\/wp\/v2\/media?parent=20699"}],"wp:term":[{"taxonomy":"category","embeddable":true,"href":"https:\/\/informacionlocal.es\/en\/wp-json\/wp\/v2\/categories?post=20699"},{"taxonomy":"post_tag","embeddable":true,"href":"https:\/\/informacionlocal.es\/en\/wp-json\/wp\/v2\/tags?post=20699"}],"curies":[{"name":"wp","href":"https:\/\/api.w.org\/{rel}","templated":true}]}}