{"id":20693,"date":"2026-04-30T12:00:56","date_gmt":"2026-04-30T11:00:56","guid":{"rendered":"https:\/\/informacionlocal.es\/fuerteventura-recupera-turismo-nordico-con-tui-nordic-en-coordinacion-con-su-patronato-insular-de-turismo\/"},"modified":"2026-04-30T12:00:56","modified_gmt":"2026-04-30T11:00:56","slug":"fuerteventura-recupera-turismo-nordico-con-tui-nordic-en-coordinacion-con-su-patronato-insular-de-turismo","status":"publish","type":"post","link":"https:\/\/informacionlocal.es\/en\/fuerteventura-recupera-turismo-nordico-con-tui-nordic-en-coordinacion-con-su-patronato-insular-de-turismo\/","title":{"rendered":"Fuerteventura recupera turismo n\u00f3rdico con TUI Nordic en coordinaci\u00f3n con su Patronato Insular de Turismo"},"content":{"rendered":"<div class=\"entry-content\"><strong>30 abril, 2026<\/strong><\/p>\n<p><em><strong>La compa\u00f1\u00eda adelanta su operativa de invierno desde Estocolmo, impulsando un mercado estrat\u00e9gico por su elevado gasto y larga estancia<\/strong><\/em><\/p>\n<p>Fuerteventura refuerza su estrategia de<br \/>\ncaptaci\u00f3n de turismo de alto valor con el regreso de TUI Nordic, que retomar\u00e1<br \/>\nsu operativa en la isla tras siete a\u00f1os de ausencia y adelantar\u00e1 el inicio de<br \/>\nsus vuelos desde Estocolmo al pr\u00f3ximo 23 de octubre, una semana antes del<br \/>\narranque oficial de la temporada de invierno 2026\/2027.<\/p>\n<p>La decisi\u00f3n ha sido confirmada por la Senior<br \/>\nProduct Manager de TUI Nordic, Linnea Malmbeg, durante su visita a la isla<br \/>\njunto a su equipo para supervisar el destino y preparar la operativa de la<br \/>\npr\u00f3xima temporada. En el marco de esta visita, ha mantenido un encuentro con la<br \/>\nconsejera de Turismo, Marlene Figueroa.<\/p>\n<p>El regreso del turoperador supone un<br \/>\nmovimiento estrat\u00e9gico para Fuerteventura, especialmente por el perfil del<br \/>\nturista n\u00f3rdico, considerado uno de los m\u00e1s rentables para el destino. En 2025,<br \/>\nel turista sueco registr\u00f3 un gasto medio por persona de 1.547 euros, un gasto<br \/>\ndiario de 166 euros y una estancia media de 9,3 noches, muy por encima de otros<br \/>\nmercados emisores.<\/p>\n<p>A este impacto econ\u00f3mico se suma un perfil de<br \/>\nviajero especialmente alineado con el modelo tur\u00edstico de la isla. Seg\u00fan<br \/>\nestimaciones de Turespa\u00f1a basadas en datos del INE, el 92% de los turistas<br \/>\nsuecos viaja por ocio, con una fuerte orientaci\u00f3n hacia el disfrute del<br \/>\ndestino: el 77% prioriza la playa, el 64% realiza visitas a ciudades y el 52%<br \/>\nincluye compras en su experiencia.<\/p>\n<p>Se trata adem\u00e1s de un visitante con alto nivel<br \/>\nformativo -el 81% cuenta con estudios superiores-, mayoritariamente de clase<br \/>\nmedia, que viaja principalmente en pareja (33%) o en familia con hijos (29%), y<br \/>\ncon una edad media de 48,6 a\u00f1os, superior a la del conjunto de turistas<br \/>\ninternacionales.<\/p>\n<p>Otro rasgo diferencial es su alto grado de<br \/>\nindependencia: el 71,9% viaja sin paquete tur\u00edstico, optando principalmente por<br \/>\nalojamientos hoteleros (65%) y apartamentos (32%), lo que favorece una mayor<br \/>\ndistribuci\u00f3n del gasto en destino.<\/p>\n<p>Adem\u00e1s, el retorno de TUI Nordic abre la<br \/>\npuerta a recuperar vol\u00famenes relevantes de visitantes. En 2018, \u00faltimo a\u00f1o en<br \/>\nel que oper\u00f3 en la isla, Fuerteventura recibi\u00f3 44.348 turistas suecos, frente a<br \/>\nlos 15.321 registrados en 2025, lo que evidencia el margen de crecimiento de<br \/>\neste mercado.<\/p>\n<p>La consejera de Turismo y vicepresidenta del<br \/>\nPatronato de Turismo, Marlene Figueroa, ha destacado que \u201cel regreso de TUI<br \/>\nNordic responde a una estrategia clara de Fuerteventura: atraer un visitante de<br \/>\nmayor valor a\u00f1adido, que no solo incremente el gasto, sino que contribuya a un<br \/>\nmodelo tur\u00edstico m\u00e1s equilibrado y sostenible\u201d.<\/p>\n<p>Asimismo, ha se\u00f1alado que \u201cel mercado n\u00f3rdico<br \/>\nes prioritario por su perfil: un visitante con mayor capacidad de gasto,<br \/>\nestancias m\u00e1s largas y una forma de viajar que genera mayor impacto positivo en<br \/>\nel destino\u201d.<\/p>\n<p>Con este movimiento, Fuerteventura avanza en<br \/>\nsu posicionamiento en el norte de Europa y refuerza su apuesta por una<br \/>\nconectividad alineada con mercados de mayor calidad, en l\u00ednea con la estrategia<br \/>\ndel Patronato de Turismo de diversificar la demanda y elevar el valor del<br \/>\nvisitante.<\/p>\n<\/div>\n","protected":false},"excerpt":{"rendered":"<p>30 abril, 2026 La compa\u00f1\u00eda adelanta su operativa de invierno desde Estocolmo, impulsando un mercado estrat\u00e9gico por su elevado gasto y larga estancia Fuerteventura refuerza su estrategia de captaci\u00f3n de [&hellip;]<\/p>\n","protected":false},"author":1,"featured_media":20695,"comment_status":"open","ping_status":"open","sticky":false,"template":"","format":"standard","meta":{"inline_featured_image":false,"jnews-multi-image_gallery":[],"jnews_single_post":[],"jnews_primary_category":[],"jnews_social_meta":[],"jnews_override_counter":[],"jnews_post_split":[],"footnotes":""},"categories":[58],"tags":[82],"class_list":["post-20693","post","type-post","status-publish","format-standard","has-post-thumbnail","hentry","category-cabildo","tag-fuerteventura"],"jetpack_featured_media_url":"https:\/\/informacionlocal.es\/wp-content\/uploads\/2026\/04\/efe.jpg","_links":{"self":[{"href":"https:\/\/informacionlocal.es\/en\/wp-json\/wp\/v2\/posts\/20693","targetHints":{"allow":["GET"]}}],"collection":[{"href":"https:\/\/informacionlocal.es\/en\/wp-json\/wp\/v2\/posts"}],"about":[{"href":"https:\/\/informacionlocal.es\/en\/wp-json\/wp\/v2\/types\/post"}],"author":[{"embeddable":true,"href":"https:\/\/informacionlocal.es\/en\/wp-json\/wp\/v2\/users\/1"}],"replies":[{"embeddable":true,"href":"https:\/\/informacionlocal.es\/en\/wp-json\/wp\/v2\/comments?post=20693"}],"version-history":[{"count":0,"href":"https:\/\/informacionlocal.es\/en\/wp-json\/wp\/v2\/posts\/20693\/revisions"}],"wp:featuredmedia":[{"embeddable":true,"href":"https:\/\/informacionlocal.es\/en\/wp-json\/wp\/v2\/media\/20695"}],"wp:attachment":[{"href":"https:\/\/informacionlocal.es\/en\/wp-json\/wp\/v2\/media?parent=20693"}],"wp:term":[{"taxonomy":"category","embeddable":true,"href":"https:\/\/informacionlocal.es\/en\/wp-json\/wp\/v2\/categories?post=20693"},{"taxonomy":"post_tag","embeddable":true,"href":"https:\/\/informacionlocal.es\/en\/wp-json\/wp\/v2\/tags?post=20693"}],"curies":[{"name":"wp","href":"https:\/\/api.w.org\/{rel}","templated":true}]}}