{"id":20687,"date":"2026-04-30T11:00:16","date_gmt":"2026-04-30T10:00:16","guid":{"rendered":"https:\/\/informacionlocal.es\/geolodia-fuerteventura-2026-explorara-el-origen-y-la-importancia-de-las-tierras-raras-en-la-isla\/"},"modified":"2026-04-30T11:00:16","modified_gmt":"2026-04-30T10:00:16","slug":"geolodia-fuerteventura-2026-explorara-el-origen-y-la-importancia-de-las-tierras-raras-en-la-isla","status":"publish","type":"post","link":"https:\/\/informacionlocal.es\/en\/geolodia-fuerteventura-2026-explorara-el-origen-y-la-importancia-de-las-tierras-raras-en-la-isla\/","title":{"rendered":"\ufeffGeolod\u00eda Fuerteventura 2026 explorar\u00e1 el origen y la importancia de las `tierras raras\u00b4 en la Isla"},"content":{"rendered":"<div class=\"entry-content\"><strong>30 abril, 2026<\/strong><\/p>\n<p><strong>Geolod\u00eda Fuerteventura 2026 explorar\u00e1 el origen y la importancia de<br \/>\nlas `tierras raras\u00b4 en la Isla<\/strong><\/p>\n<p><em><strong>La actividad requiere inscripci\u00f3n previa del 2 al 7 de mayo, o hasta completar aforo, a trav\u00e9s de la web del Cabildo de Fuerteventura<\/strong><\/em><\/p>\n<p>Geolod\u00eda Fuerteventura 2026 se centrar\u00e1 en el<br \/>\nestudio de las denominadas `tierras raras\u00b4 presentes en algunas de las rocas<br \/>\nm\u00e1s antiguas de la Isla. Esta jornada de divulgaci\u00f3n cient\u00edfica se desarrollar\u00e1<br \/>\nel pr\u00f3ximo 10 de mayo, con un itinerario guiado entre Ajuy y la Caleta de la<br \/>\nCruz, en la costa occidental majorera. A trav\u00e9s de este recorrido, las personas<br \/>\nparticipantes podr\u00e1n conocer materiales como piroxenitas, ijolitas, sienitas y<br \/>\ncarbonatitas, y comprender su origen y evoluci\u00f3n dentro de la historia<br \/>\ngeol\u00f3gica de Fuerteventura.<\/p>\n<p>\nLa presidenta del Cabildo, Lola Garc\u00eda destaco \u201cel valor educativo y<br \/>\ndivulgativo de esta jornada, que invita a observar el entorno con ojos<br \/>\ngeol\u00f3gicos, entender los procesos que modelan la Tierra, y tomar conciencia de<br \/>\nla importancia del trabajo de los ge\u00f3logos y ge\u00f3logas\u201d.<\/p>\n<p>\nEl consejero de Medio Ambiente del Cabildo de Fuerteventura, Carlos Rodr\u00edguez,<br \/>\nanima a la ciudadan\u00eda a participar en esta iniciativa \u201cque permite acercarse al<br \/>\nlaboratorio habitual de los ge\u00f3logos, la naturaleza, y comprender el valor del<br \/>\npatrimonio geol\u00f3gico de la Isla\u201d.<\/p>\n<p>La actividad, bajo el lema `La Geolog\u00eda ante<br \/>\nel reto de la inclusi\u00f3n\u00b4, comenzar\u00e1 a las 09.00 horas en la Estaci\u00f3n de Guaguas<br \/>\nde Puerto del Rosario, desde donde las personas participantes ser\u00e1n trasladadas<br \/>\nen guagua hasta Ajuy. Desde all\u00ed, se iniciar\u00e1 un recorrido a pie de aproximadamente<br \/>\nsiete kil\u00f3metros hasta la Caleta de la Cruz, finalizando la jornada sobre las<br \/>\n15.00 horas. El itinerario presenta algunos tramos de dificultad alta, por lo<br \/>\nque se recomienda consultar previamente a la organizaci\u00f3n.<\/p>\n<p>El evento contar\u00e1 con la gu\u00eda de los ge\u00f3logos<br \/>\ny ge\u00f3logas Juan Miguel Torres, Mar\u00eda Candelaria Mart\u00edn, Margarita Jambrina y<br \/>\nRam\u00f3n Casillas. Durante el recorrido, las personas expertas ayudar\u00e1n a<br \/>\ninterpretar las caracter\u00edsticas de los materiales rocosos y su contexto<br \/>\ngeol\u00f3gico, con un enfoque divulgativo accesible para todos los p\u00fablicos.<\/p>\n<p>La participaci\u00f3n es gratuita, con plazas<br \/>\nlimitadas, y requiere inscripci\u00f3n previa a trav\u00e9s de la web del Cabildo de<br \/>\nFuerteventura (https:\/\/www.cabildofuer.es\/cabildo\/areas-tematicas\/medio-ambiente<br \/>\n2\/educacion-ambiental\/divulgacion\/eventos\/ ),<br \/>\ndisponible del 2 al 7 de mayo, a partir de las 08.00 horas, o hasta completar<br \/>\naforo. <\/p>\n<p>Geolod\u00eda es el principal evento anual de<br \/>\ndivulgaci\u00f3n geol\u00f3gica a nivel nacional, coordinado por la Sociedad Geol\u00f3gica de<br \/>\nEspa\u00f1a (SGE), y que se celebra simult\u00e1neamente en diferentes puntos del pa\u00eds<br \/>\ncon m\u00e1s de 50 excursiones gratuitas. La iniciativa tiene como objetivo acercar<br \/>\nla geolog\u00eda a la ciudadan\u00eda, mostrar su utilidad en \u00e1mbitos como los recursos<br \/>\nnaturales, los riesgos geol\u00f3gicos o la planificaci\u00f3n del territorio, y fomentar<br \/>\nla protecci\u00f3n del patrimonio geol\u00f3gico.<\/p>\n<p>Geolod\u00eda Fuerteventura 2026 cuenta con la<br \/>\ncolaboraci\u00f3n de la Consejer\u00eda de Medio Ambiente y Caza del Cabildo de<br \/>\nFuerteventura, del Dpto. de Biolog\u00eda Animal, Edafolog\u00eda y Geolog\u00eda de la<br \/>\nUniversidad de La Laguna y de la C\u00e1tedra Cultural \u201cTelesforo Bravo\u201d del<br \/>\nVicerrectorado de Cultura y Extensi\u00f3n Universitaria de La Universidad de La<br \/>\nLaguna. El Instituto Geol\u00f3gico y Minero de Espa\u00f1a, del Ministerio de Ciencia,<br \/>\nInnovaci\u00f3n y Universidades, y la Fundaci\u00f3n Espa\u00f1ola para la Ciencia y la<br \/>\nTecnolog\u00eda, patrocinan esta actividad a nivel nacional, financiando en parte la<br \/>\nactividad.<\/p>\n<\/div>\n","protected":false},"excerpt":{"rendered":"<p>30 abril, 2026 Geolod\u00eda Fuerteventura 2026 explorar\u00e1 el origen y la importancia de las `tierras raras\u00b4 en la Isla La actividad requiere inscripci\u00f3n previa del 2 al 7 de mayo, [&hellip;]<\/p>\n","protected":false},"author":1,"featured_media":20689,"comment_status":"open","ping_status":"open","sticky":false,"template":"","format":"standard","meta":{"inline_featured_image":false,"jnews-multi-image_gallery":[],"jnews_single_post":[],"jnews_primary_category":[],"jnews_social_meta":[],"jnews_override_counter":[],"jnews_post_split":[],"footnotes":""},"categories":[58],"tags":[69,82,76],"class_list":["post-20687","post","type-post","status-publish","format-standard","has-post-thumbnail","hentry","category-cabildo","tag-eventos","tag-fuerteventura","tag-medio-ambiente"],"jetpack_featured_media_url":"https:\/\/informacionlocal.es\/wp-content\/uploads\/2026\/04\/ergrh.jpeg","_links":{"self":[{"href":"https:\/\/informacionlocal.es\/en\/wp-json\/wp\/v2\/posts\/20687","targetHints":{"allow":["GET"]}}],"collection":[{"href":"https:\/\/informacionlocal.es\/en\/wp-json\/wp\/v2\/posts"}],"about":[{"href":"https:\/\/informacionlocal.es\/en\/wp-json\/wp\/v2\/types\/post"}],"author":[{"embeddable":true,"href":"https:\/\/informacionlocal.es\/en\/wp-json\/wp\/v2\/users\/1"}],"replies":[{"embeddable":true,"href":"https:\/\/informacionlocal.es\/en\/wp-json\/wp\/v2\/comments?post=20687"}],"version-history":[{"count":0,"href":"https:\/\/informacionlocal.es\/en\/wp-json\/wp\/v2\/posts\/20687\/revisions"}],"wp:featuredmedia":[{"embeddable":true,"href":"https:\/\/informacionlocal.es\/en\/wp-json\/wp\/v2\/media\/20689"}],"wp:attachment":[{"href":"https:\/\/informacionlocal.es\/en\/wp-json\/wp\/v2\/media?parent=20687"}],"wp:term":[{"taxonomy":"category","embeddable":true,"href":"https:\/\/informacionlocal.es\/en\/wp-json\/wp\/v2\/categories?post=20687"},{"taxonomy":"post_tag","embeddable":true,"href":"https:\/\/informacionlocal.es\/en\/wp-json\/wp\/v2\/tags?post=20687"}],"curies":[{"name":"wp","href":"https:\/\/api.w.org\/{rel}","templated":true}]}}