{"id":20663,"date":"2026-04-29T21:01:15","date_gmt":"2026-04-29T20:01:15","guid":{"rendered":"https:\/\/informacionlocal.es\/antigua-colabora-con-la-muestra-de-danza-a-tiempo-de-alejandro-lithgow-en-la-biblioteca-municipal\/"},"modified":"2026-04-29T21:01:15","modified_gmt":"2026-04-29T20:01:15","slug":"antigua-colabora-con-la-muestra-de-danza-a-tiempo-de-alejandro-lithgow-en-la-biblioteca-municipal","status":"publish","type":"post","link":"https:\/\/informacionlocal.es\/en\/antigua-colabora-con-la-muestra-de-danza-a-tiempo-de-alejandro-lithgow-en-la-biblioteca-municipal\/","title":{"rendered":"Antigua colabora con la muestra de danza A tiempo de Alejandro Lithgow en la Biblioteca Municipal"},"content":{"rendered":"<div class=\"elementor-widget-container\">\n<p><strong>Antigua colabora con la muestra de danza A tiempo de Alejandro Lithgow en la Biblioteca Municipal<\/strong><\/p>\n<p><strong>\u2022 Este jueves 30 de abril a las 19:00 horas en la Biblioteca Municipal de Antigua. <\/strong><br \/><strong>\u2022 Entrada libre y gratuita hasta completar aforo.<\/strong><\/p>\n<p>El Ayuntamiento de Antigua desde la concejal\u00eda de Cultura colabora con la Muestra de Danza dirigida por Alejandro Lithgow Torres en el marco de su proyecto Pies en la Tierra, presentando la coreograf\u00eda A tiempo.<\/p>\n<p>El evento se propone en un espacio nada convencional para la danza, como es el patio canario de El Port\u00f3n, Biblioteca Municipal de Antigua, este jueves 30 de abril a las 19:00 horas.<\/p>\n<p>A Tiempo, es una danza que propone un di\u00e1logo art\u00edstico \u00fanico entre diferentes etapas del aprendizaje y la maestr\u00eda profesional, la iniciativa, dirigida por Alejandro Lithgow Torres, busca descontextualizar la danza sac\u00e1ndola de los auditorios tradicionales para habitar espacios cotidianos. Acercar la danza y mostrarla en un espacio peque\u00f1o, conocido y cercano para todos, se\u00f1ala el alcalde de Antigua, Mat\u00edas Pe\u00f1a.<\/p>\n<p>En esta ocasi\u00f3n, el escenario de la Biblioteca de Antigua ser\u00e1 compartido por alumnos, promesas de la danza y profesionales consolidados, creando un espacio de inspiraci\u00f3n y aprendizaje.<\/p>\n<p>Desde la concejal\u00eda de Cultura no dudamos en colaborar con iniciativas culturales y propuestas originales como esta Muestra de Danza, en apoyo al talento y la cultura local, afirma el concejal, Jonathan Pe\u00f1a.<\/p>\n<p>La muestra de danza A tiempo, esta organizada por Desarrollo y Pasi\u00f3n, D&amp;P con la colaboraci\u00f3n de la Academia Entre Siluetas, y la colaboraci\u00f3n del Ayuntamiento de Antigua y el Cabildo de Fuerteventura.<\/p>\n<p>\u00a0<\/p>\n<\/div>\n","protected":false},"excerpt":{"rendered":"<p><strong>Antigua colabora con la muestra de danza A tiempo de Alejandro Lithgow en la Biblioteca Municipal<\/strong><\/p>\n","protected":false},"author":1,"featured_media":20665,"comment_status":"open","ping_status":"open","sticky":false,"template":"","format":"standard","meta":{"inline_featured_image":false,"jnews-multi-image_gallery":[],"jnews_single_post":[],"jnews_primary_category":[],"jnews_social_meta":[],"jnews_override_counter":[],"jnews_post_split":[],"footnotes":""},"categories":[59],"tags":[82],"class_list":["post-20663","post","type-post","status-publish","format-standard","has-post-thumbnail","hentry","category-antigua","tag-fuerteventura"],"jetpack_featured_media_url":"https:\/\/informacionlocal.es\/wp-content\/uploads\/2026\/04\/whatsapp-image-2026-04-14-at-16-26-51.jpeg","_links":{"self":[{"href":"https:\/\/informacionlocal.es\/en\/wp-json\/wp\/v2\/posts\/20663","targetHints":{"allow":["GET"]}}],"collection":[{"href":"https:\/\/informacionlocal.es\/en\/wp-json\/wp\/v2\/posts"}],"about":[{"href":"https:\/\/informacionlocal.es\/en\/wp-json\/wp\/v2\/types\/post"}],"author":[{"embeddable":true,"href":"https:\/\/informacionlocal.es\/en\/wp-json\/wp\/v2\/users\/1"}],"replies":[{"embeddable":true,"href":"https:\/\/informacionlocal.es\/en\/wp-json\/wp\/v2\/comments?post=20663"}],"version-history":[{"count":0,"href":"https:\/\/informacionlocal.es\/en\/wp-json\/wp\/v2\/posts\/20663\/revisions"}],"wp:featuredmedia":[{"embeddable":true,"href":"https:\/\/informacionlocal.es\/en\/wp-json\/wp\/v2\/media\/20665"}],"wp:attachment":[{"href":"https:\/\/informacionlocal.es\/en\/wp-json\/wp\/v2\/media?parent=20663"}],"wp:term":[{"taxonomy":"category","embeddable":true,"href":"https:\/\/informacionlocal.es\/en\/wp-json\/wp\/v2\/categories?post=20663"},{"taxonomy":"post_tag","embeddable":true,"href":"https:\/\/informacionlocal.es\/en\/wp-json\/wp\/v2\/tags?post=20663"}],"curies":[{"name":"wp","href":"https:\/\/api.w.org\/{rel}","templated":true}]}}