{"id":20597,"date":"2026-04-28T21:01:56","date_gmt":"2026-04-28T20:01:56","guid":{"rendered":"https:\/\/informacionlocal.es\/triquivijate-celebra-sus-fiestas-patronales-en-honor-a-san-isidro-labrador-y-santa-maria-de-la-cabeza\/"},"modified":"2026-04-28T21:01:56","modified_gmt":"2026-04-28T20:01:56","slug":"triquivijate-celebra-sus-fiestas-patronales-en-honor-a-san-isidro-labrador-y-santa-maria-de-la-cabeza","status":"publish","type":"post","link":"https:\/\/informacionlocal.es\/en\/triquivijate-celebra-sus-fiestas-patronales-en-honor-a-san-isidro-labrador-y-santa-maria-de-la-cabeza\/","title":{"rendered":"Triquivijate celebra sus fiestas patronales en honor a San Isidro Labrador y Santa Mar\u00eda de la Cabeza"},"content":{"rendered":"<div class=\"elementor-widget-container\">\n<p><strong>Triquivijate celebra sus fiestas patronales en honor a San Isidro Labrador y Santa Mar\u00eda de la Cabeza<\/strong><\/p>\n<p><strong>\u2022 Del 1 al 15 de mayo, Triquivijate celebra sus fiestas con torneos populares, actividades infantiles y grandes verbenas.<\/strong><br \/><strong>\u2022 Este viernes 1 de mayo a las 20:00 horas, V\u00eddeo pregonero con los primeros participantes de la Asociaci\u00f3n de Vecinos de Triquivijate.<\/strong><br \/><strong>\u2022 La Romer\u00eda tradicional el 2 de mayo por la tarde y la Funci\u00f3n y Procesi\u00f3n Religiosa el 15 de mayo con brindis popular.<\/strong><\/p>\n<p>Triquivijate comienza sus festejos en honor a San Isidro Labrador y Santa Mar\u00eda de la Cabeza, organizados por el Ayuntamiento de Antigua y la Comisi\u00f3n de Fiestas, ofreciendo un programa de eventos, juegos y verbenas del 1 al 15 de mayo.<\/p>\n<p>El alcalde, Mat\u00edas Pe\u00f1a Garc\u00eda, destaca la implicaci\u00f3n de vecinos y vecinas en la Comisi\u00f3n de Fiestas de Triquivijate, manteniendo viva la esencia y tradici\u00f3n de estos festejos y recuperando su participaci\u00f3n en la organizaci\u00f3n y contrataci\u00f3n de eventos y actuaciones que decidan.<\/p>\n<p>Un programa de Fiestas que arranca este viernes con un v\u00eddeo pregonero protagonizado por los primeros participantes en la Asociaci\u00f3n de Vecinos de Triquivijate, ofreciendo a su t\u00e9rmino un Brindis popular y la actuaci\u00f3n de la solista Flor, detalla el concejal de Festejos, Pedro M. Armas Mart\u00edn, continuando el s\u00e1bado desde la tarde con la Romer\u00eda, el Baile de Taifa y la Verbena con la parranda El Callao y D\u00fao Flor.<\/p>\n<p>Los peques podr\u00e1s disfrutar de las fiestas con castillos hinchables, talleres pintacaras y numerosas sorpresas el viernes por la tarde desde las 18:00 horas, a lo que se sumar\u00e1 un ca\u00f1\u00f3n de espuma el s\u00e1bado a las 12:00 horas.<\/p>\n<p>Las Verbenas, a\u00f1ade el concejal Pedro M. Armas, contin\u00faan el 8 y 9 de mayo con los grupos Duo Estrella, Nuevo Klan, Arena de Gran Canaria y el Grupo Bomba y su Orquesta de Fuerteventura, adem\u00e1s de Star M\u00fasica de Gran Canaria. El D\u00eda Principal de los festejos es el viernes 15 de mayo, celebrando desde las 19:00 horas la Funci\u00f3n y Procesi\u00f3n Religiosa en Honor a San Isidro Labrador y Santa Mar\u00eda De la Cabeza.<\/p>\n<\/div>\n","protected":false},"excerpt":{"rendered":"<p><strong>Triquivijate celebra sus fiestas patronales en honor a San Isidro Labrador y Santa Mar\u00eda de la Cabeza<\/strong><\/p>\n","protected":false},"author":1,"featured_media":20599,"comment_status":"open","ping_status":"open","sticky":false,"template":"","format":"standard","meta":{"inline_featured_image":false,"jnews-multi-image_gallery":[],"jnews_single_post":[],"jnews_primary_category":[],"jnews_social_meta":[],"jnews_override_counter":[],"jnews_post_split":[],"footnotes":""},"categories":[59],"tags":[69,82],"class_list":["post-20597","post","type-post","status-publish","format-standard","has-post-thumbnail","hentry","category-antigua","tag-eventos","tag-fuerteventura"],"jetpack_featured_media_url":"https:\/\/informacionlocal.es\/wp-content\/uploads\/2026\/04\/whatsapp-image-2026-04-17-at-13-36-32.jpeg","_links":{"self":[{"href":"https:\/\/informacionlocal.es\/en\/wp-json\/wp\/v2\/posts\/20597","targetHints":{"allow":["GET"]}}],"collection":[{"href":"https:\/\/informacionlocal.es\/en\/wp-json\/wp\/v2\/posts"}],"about":[{"href":"https:\/\/informacionlocal.es\/en\/wp-json\/wp\/v2\/types\/post"}],"author":[{"embeddable":true,"href":"https:\/\/informacionlocal.es\/en\/wp-json\/wp\/v2\/users\/1"}],"replies":[{"embeddable":true,"href":"https:\/\/informacionlocal.es\/en\/wp-json\/wp\/v2\/comments?post=20597"}],"version-history":[{"count":0,"href":"https:\/\/informacionlocal.es\/en\/wp-json\/wp\/v2\/posts\/20597\/revisions"}],"wp:featuredmedia":[{"embeddable":true,"href":"https:\/\/informacionlocal.es\/en\/wp-json\/wp\/v2\/media\/20599"}],"wp:attachment":[{"href":"https:\/\/informacionlocal.es\/en\/wp-json\/wp\/v2\/media?parent=20597"}],"wp:term":[{"taxonomy":"category","embeddable":true,"href":"https:\/\/informacionlocal.es\/en\/wp-json\/wp\/v2\/categories?post=20597"},{"taxonomy":"post_tag","embeddable":true,"href":"https:\/\/informacionlocal.es\/en\/wp-json\/wp\/v2\/tags?post=20597"}],"curies":[{"name":"wp","href":"https:\/\/api.w.org\/{rel}","templated":true}]}}