{"id":20561,"date":"2026-04-28T17:02:54","date_gmt":"2026-04-28T16:02:54","guid":{"rendered":"https:\/\/informacionlocal.es\/entrega-de-dos-chalecos-antibalas-a-los-cuerpos-de-la-policia-local-de-tuineje-y-antigua\/"},"modified":"2026-04-28T17:02:54","modified_gmt":"2026-04-28T16:02:54","slug":"entrega-de-dos-chalecos-antibalas-a-los-cuerpos-de-la-policia-local-de-tuineje-y-antigua","status":"publish","type":"post","link":"https:\/\/informacionlocal.es\/en\/entrega-de-dos-chalecos-antibalas-a-los-cuerpos-de-la-policia-local-de-tuineje-y-antigua\/","title":{"rendered":"Entrega de dos chalecos antibalas a los cuerpos de la Polic\u00eda Local de Tuineje y Antigua"},"content":{"rendered":"<div class=\"elementor-widget-container\">\n<div class=\"wp-video\"><video class=\"wp-video-shortcode\" id=\"video-10084-1\" width=\"800\" height=\"450\" preload=\"metadata\" controls=\"controls\"><source type=\"video\/mp4\" src=\"https:\/\/ayto-antigua.es\/wp-content\/uploads\/2026\/04\/Entrega-de-chalecos-de-la-Direcc-General-de-Seguridad-del-GOBCAN-a-los-cuerpos-de-la-policia-local-de-Antigua-y-Tuineje-1.mp4?_=1\" \/><\/video><\/div>\n<p>Este martes 28 de abril, el Gobierno de Canarias, por medio de dos agentes de la Direcci\u00f3n General de Seguridad, y en coordinaci\u00f3n con la Fecam, ha hecho entrega en presencia del alcalde, Mat\u00edas Pe\u00f1a Garc\u00eda, de dos chalecos antibalas a los representantes de los cuerpos de la Polic\u00eda Local de Tuineje y Antigua, respectivamente, el oficial jefe, Enr\u00edquez Jim\u00e9nez y el subinspector jefe, Domingo Fr\u00e1nquiz.<\/p>\n<p>Todo gesto y aportaci\u00f3n encaminada a equipar y mejorar el material de protecci\u00f3n de los agentes de los cuerpos de la Polic\u00eda Local, siempre son bienvenidos y agradecidos, afirmaba durante la entrega, el alcalde de Antigua, Mat\u00edas Pe\u00f1a.<\/p>\n<\/div>\n","protected":false},"excerpt":{"rendered":"<p>Este martes 28 de abril, el Gobierno de Canarias, por medio de dos agentes de la Direcci\u00f3n General de Seguridad, y en coordinaci\u00f3n con la Fecam, ha hecho entrega en [&hellip;]<\/p>\n","protected":false},"author":1,"featured_media":20563,"comment_status":"open","ping_status":"open","sticky":false,"template":"","format":"standard","meta":{"inline_featured_image":false,"jnews-multi-image_gallery":[],"jnews_single_post":[],"jnews_primary_category":[],"jnews_social_meta":[],"jnews_override_counter":[],"jnews_post_split":[],"footnotes":""},"categories":[59],"tags":[],"class_list":["post-20561","post","type-post","status-publish","format-standard","has-post-thumbnail","hentry","category-antigua"],"jetpack_featured_media_url":"https:\/\/informacionlocal.es\/wp-content\/uploads\/2026\/04\/entrega-de-chalecos-de-la-direcc-general-de-seguridad-del-gobcan-a-los-cuerpos-de-la-policia-local-de-antigua-y-tuineje-2-scaled-1.jpg","_links":{"self":[{"href":"https:\/\/informacionlocal.es\/en\/wp-json\/wp\/v2\/posts\/20561","targetHints":{"allow":["GET"]}}],"collection":[{"href":"https:\/\/informacionlocal.es\/en\/wp-json\/wp\/v2\/posts"}],"about":[{"href":"https:\/\/informacionlocal.es\/en\/wp-json\/wp\/v2\/types\/post"}],"author":[{"embeddable":true,"href":"https:\/\/informacionlocal.es\/en\/wp-json\/wp\/v2\/users\/1"}],"replies":[{"embeddable":true,"href":"https:\/\/informacionlocal.es\/en\/wp-json\/wp\/v2\/comments?post=20561"}],"version-history":[{"count":0,"href":"https:\/\/informacionlocal.es\/en\/wp-json\/wp\/v2\/posts\/20561\/revisions"}],"wp:featuredmedia":[{"embeddable":true,"href":"https:\/\/informacionlocal.es\/en\/wp-json\/wp\/v2\/media\/20563"}],"wp:attachment":[{"href":"https:\/\/informacionlocal.es\/en\/wp-json\/wp\/v2\/media?parent=20561"}],"wp:term":[{"taxonomy":"category","embeddable":true,"href":"https:\/\/informacionlocal.es\/en\/wp-json\/wp\/v2\/categories?post=20561"},{"taxonomy":"post_tag","embeddable":true,"href":"https:\/\/informacionlocal.es\/en\/wp-json\/wp\/v2\/tags?post=20561"}],"curies":[{"name":"wp","href":"https:\/\/api.w.org\/{rel}","templated":true}]}}