{"id":20513,"date":"2026-04-27T20:01:03","date_gmt":"2026-04-27T19:01:03","guid":{"rendered":"https:\/\/informacionlocal.es\/caleta-de-fuste-celebra-el-dia-de-la-madre-con-una-gran-fiesta-familiar\/"},"modified":"2026-04-27T20:01:03","modified_gmt":"2026-04-27T19:01:03","slug":"caleta-de-fuste-celebra-el-dia-de-la-madre-con-una-gran-fiesta-familiar","status":"publish","type":"post","link":"https:\/\/informacionlocal.es\/en\/caleta-de-fuste-celebra-el-dia-de-la-madre-con-una-gran-fiesta-familiar\/","title":{"rendered":"Caleta de Fuste celebra el D\u00eda de la Madre con una gran fiesta familiar"},"content":{"rendered":"<div class=\"elementor-widget-container\">\n<p><strong>Caleta de Fuste celebra el D\u00eda de la Madre con una gran fiesta familiar<\/strong><\/p>\n<p><strong>\u2022 La Celebraci\u00f3n del D\u00eda de la Madre tendr\u00e1 lugar este domingo, 3 de mayo en la Plaza Frasquita junto al Happy Center, por la ma\u00f1ana de 10:30 a 13:30 horas.<\/strong><br \/><strong>\u2022 Hinchables, merienda saludable, m\u00fasica y juegos tradicionales para disfrute de las madres y sus peques.<\/strong><\/p>\n<p>El Ayuntamiento de Antigua desde la concejal\u00eda de Comercio organiza en Caleta de Fuste la celebraci\u00f3n del D\u00eda de la Madre con una fiesta para toda la familia en la no faltar\u00e1 m\u00fasica, juegos, talleres, divertidos hinchables e incluso una merienda saludable para los m\u00e1s peque\u00f1os y peque\u00f1as participantes, detalla el alcalde, Mat\u00edas Pe\u00f1a.<\/p>\n<p>Una fiesta de celebraci\u00f3n del D\u00eda de la Madre, se\u00f1ala el concejal Giuseppe Signorino, en la que todas las actividades se ofrecen sin coste, animando a la participaci\u00f3n de las madres, las abuelas y toda la familia que quieran disfrutar en compa\u00f1\u00eda de los m\u00e1s peque\u00f1os y peque\u00f1as de la casa.<\/p>\n<p>Una programaci\u00f3n especial que tendr\u00e1 lugar este domingo en horario de ma\u00f1ana desde las 10:30 horas y hasta las 13:30 horas en la Plaza Frasquita, junto al Happy Center.<\/p>\n<p>El concejal Signorino, destaca tambi\u00e9n la importancia de este evento, celebrando una fecha especial, y respaldando la dinamizaci\u00f3n del comercio en Caleta de Fuste, incentivando el consumo en los establecimientos de la zona, logrando as\u00ed que el ocio y la econom\u00eda local vayan de la mano.<\/p>\n<p>\u00a0<\/p>\n<\/div>\n","protected":false},"excerpt":{"rendered":"<p><strong>Caleta de Fuste celebra el D\u00eda de la Madre con una gran fiesta familiar<\/strong><\/p>\n","protected":false},"author":1,"featured_media":20515,"comment_status":"open","ping_status":"open","sticky":false,"template":"","format":"standard","meta":{"inline_featured_image":false,"jnews-multi-image_gallery":[],"jnews_single_post":[],"jnews_primary_category":[],"jnews_social_meta":[],"jnews_override_counter":[],"jnews_post_split":[],"footnotes":""},"categories":[59],"tags":[],"class_list":["post-20513","post","type-post","status-publish","format-standard","has-post-thumbnail","hentry","category-antigua"],"jetpack_featured_media_url":"https:\/\/informacionlocal.es\/wp-content\/uploads\/2026\/04\/img-20260420-wa0014.jpg","_links":{"self":[{"href":"https:\/\/informacionlocal.es\/en\/wp-json\/wp\/v2\/posts\/20513","targetHints":{"allow":["GET"]}}],"collection":[{"href":"https:\/\/informacionlocal.es\/en\/wp-json\/wp\/v2\/posts"}],"about":[{"href":"https:\/\/informacionlocal.es\/en\/wp-json\/wp\/v2\/types\/post"}],"author":[{"embeddable":true,"href":"https:\/\/informacionlocal.es\/en\/wp-json\/wp\/v2\/users\/1"}],"replies":[{"embeddable":true,"href":"https:\/\/informacionlocal.es\/en\/wp-json\/wp\/v2\/comments?post=20513"}],"version-history":[{"count":0,"href":"https:\/\/informacionlocal.es\/en\/wp-json\/wp\/v2\/posts\/20513\/revisions"}],"wp:featuredmedia":[{"embeddable":true,"href":"https:\/\/informacionlocal.es\/en\/wp-json\/wp\/v2\/media\/20515"}],"wp:attachment":[{"href":"https:\/\/informacionlocal.es\/en\/wp-json\/wp\/v2\/media?parent=20513"}],"wp:term":[{"taxonomy":"category","embeddable":true,"href":"https:\/\/informacionlocal.es\/en\/wp-json\/wp\/v2\/categories?post=20513"},{"taxonomy":"post_tag","embeddable":true,"href":"https:\/\/informacionlocal.es\/en\/wp-json\/wp\/v2\/tags?post=20513"}],"curies":[{"name":"wp","href":"https:\/\/api.w.org\/{rel}","templated":true}]}}