{"id":20483,"date":"2026-04-27T14:01:31","date_gmt":"2026-04-27T13:01:31","guid":{"rendered":"https:\/\/informacionlocal.es\/el-cabildo-de-fuerteventura-refuerza-su-programa-de-educacion-ambiental-conocer-para-proteger\/"},"modified":"2026-04-27T14:01:31","modified_gmt":"2026-04-27T13:01:31","slug":"el-cabildo-de-fuerteventura-refuerza-su-programa-de-educacion-ambiental-conocer-para-proteger","status":"publish","type":"post","link":"https:\/\/informacionlocal.es\/en\/el-cabildo-de-fuerteventura-refuerza-su-programa-de-educacion-ambiental-conocer-para-proteger\/","title":{"rendered":"\ufeffEl Cabildo de Fuerteventura refuerza su programa de educaci\u00f3n ambiental \u2018Conocer para Proteger\u2019"},"content":{"rendered":"<div class=\"entry-content\"><strong>27 abril, 2026<\/strong><\/p>\n<p><em><strong>La Consejer\u00eda de Medio Ambiente formaliza el contrato con la empresa Bencomia Educaci\u00f3n Ambiental SL, que reforzar\u00e1 y ampliar\u00e1 las actividades de concienciaci\u00f3n para escolares, colectivos y ciudadan\u00eda general<\/strong><\/em><\/p>\n<p>El Cabildo de Fuerteventura, a trav\u00e9s de la<br \/>\nConsejer\u00eda de Medio Ambiente, contin\u00faa con su programa de educaci\u00f3n ambiental<br \/>\n\u2018Conocer para Proteger\u2019 para sensibilizar y formar a la poblaci\u00f3n en la<br \/>\nconservaci\u00f3n y protecci\u00f3n del entorno natural, fomentando actitudes<br \/>\nresponsables y sostenibles.\u00a0 El<br \/>\nreconocido programa incluye una serie de acciones que se llevan a alumnado de<br \/>\ntodos los niveles educativos, asociaciones y colectivos, as\u00ed como ciudadan\u00eda<br \/>\ngeneral, de toda la isla de Fuerteventura.<\/p>\n<p>La Consejer\u00eda de Medio Ambiente ha formalizado<br \/>\nel contrato con la empresa Bencomia Educaci\u00f3n Ambiental SL que permitir\u00e1<br \/>\nmantener estas acciones en las anualidades 2026, 2027, 2028 y 2029, y<br \/>\ndesarrollar importantes novedades que se descubrir\u00e1n progresivamente.<\/p>\n<p>Pr\u00f3ximamente, se informar\u00e1 del inicio de las<br \/>\nactividades. Asimismo, se mejorar\u00e1 y modernizar\u00e1 el sistema para las<br \/>\nsolicitudes por parte de centros, asociaciones y particulares interesados en<br \/>\nparticipar, a partir del mes de septiembre. <\/p>\n<p>El consejero de Medio Ambiente, Carlos<br \/>\nRodr\u00edguez, resalta el arraigo e importancia que tienen estas acciones en<br \/>\nFuerteventura, \u201csiendo no s\u00f3lo un programa educativo, sino un servicio integral<br \/>\npara cambiar comportamientos y proteger el territorio a largo plazo\u201d. En definitiva,<br \/>\ngenerar un cambio real en la poblaci\u00f3n: comprender los problemas ambientales,<br \/>\ndesarrollar pensamiento cr\u00edtico, fomentar la participaci\u00f3n activa y cambiar<br \/>\nh\u00e1bitos.<\/p>\n<p>El nuevo contrato permite reforzar las<br \/>\nactividades de concienciaci\u00f3n y ampliarlas a otras nuevas, desarroll\u00e1ndose en<br \/>\nseis grandes l\u00edneas tem\u00e1ticas: \u2018Huellas verdes\u2019 para el conocimiento del<br \/>\nterritorio mediante rutas, \u2018De Vuelta a Casa\u2019 para la recuperaci\u00f3n y liberaci\u00f3n<br \/>\nde fauna accidentada, \u2018Litoral a la vista\u2019 sobre problem\u00e1ticas en las costas y<br \/>\ncontaminaci\u00f3n marina, \u2018Conservaci\u00f3n de especies\u2019 para concienciar sobre la<br \/>\nprotecci\u00f3n de la biodiversidad local, \u2018Pienso 3R y act\u00fao\u2019 para la<br \/>\nsensibilizaci\u00f3n sobre reducci\u00f3n de residuos y \u2018Cambio Clim\u00e1tico\u2019 para la<br \/>\nconcienciaci\u00f3n sobre cambio clim\u00e1tico. Todas ellas, actividades pr\u00e1cticas,<br \/>\nparticipativas y adaptadas al p\u00fablico.<\/p>\n<p>Bencomia Educaci\u00f3n Ambiental SL desarrollar\u00e1,<br \/>\nasimismo, otras acciones, como las que se ejecutan en d\u00edas internacionales<br \/>\nclave, as\u00ed como la atenci\u00f3n en el Centro de Recuperaci\u00f3n y Conservaci\u00f3n de<br \/>\nTortugas Marinas.<\/p>\n<\/div>\n","protected":false},"excerpt":{"rendered":"<p>27 abril, 2026 La Consejer\u00eda de Medio Ambiente formaliza el contrato con la empresa Bencomia Educaci\u00f3n Ambiental SL, que reforzar\u00e1 y ampliar\u00e1 las actividades de concienciaci\u00f3n para escolares, colectivos y [&hellip;]<\/p>\n","protected":false},"author":1,"featured_media":20485,"comment_status":"open","ping_status":"open","sticky":false,"template":"","format":"standard","meta":{"inline_featured_image":false,"jnews-multi-image_gallery":[],"jnews_single_post":[],"jnews_primary_category":[],"jnews_social_meta":[],"jnews_override_counter":[],"jnews_post_split":[],"footnotes":""},"categories":[58],"tags":[73,82,76],"class_list":["post-20483","post","type-post","status-publish","format-standard","has-post-thumbnail","hentry","category-cabildo","tag-educacion","tag-fuerteventura","tag-medio-ambiente"],"jetpack_featured_media_url":"https:\/\/informacionlocal.es\/wp-content\/uploads\/2026\/04\/rgr-2.jpeg","_links":{"self":[{"href":"https:\/\/informacionlocal.es\/en\/wp-json\/wp\/v2\/posts\/20483","targetHints":{"allow":["GET"]}}],"collection":[{"href":"https:\/\/informacionlocal.es\/en\/wp-json\/wp\/v2\/posts"}],"about":[{"href":"https:\/\/informacionlocal.es\/en\/wp-json\/wp\/v2\/types\/post"}],"author":[{"embeddable":true,"href":"https:\/\/informacionlocal.es\/en\/wp-json\/wp\/v2\/users\/1"}],"replies":[{"embeddable":true,"href":"https:\/\/informacionlocal.es\/en\/wp-json\/wp\/v2\/comments?post=20483"}],"version-history":[{"count":0,"href":"https:\/\/informacionlocal.es\/en\/wp-json\/wp\/v2\/posts\/20483\/revisions"}],"wp:featuredmedia":[{"embeddable":true,"href":"https:\/\/informacionlocal.es\/en\/wp-json\/wp\/v2\/media\/20485"}],"wp:attachment":[{"href":"https:\/\/informacionlocal.es\/en\/wp-json\/wp\/v2\/media?parent=20483"}],"wp:term":[{"taxonomy":"category","embeddable":true,"href":"https:\/\/informacionlocal.es\/en\/wp-json\/wp\/v2\/categories?post=20483"},{"taxonomy":"post_tag","embeddable":true,"href":"https:\/\/informacionlocal.es\/en\/wp-json\/wp\/v2\/tags?post=20483"}],"curies":[{"name":"wp","href":"https:\/\/api.w.org\/{rel}","templated":true}]}}