{"id":1957,"date":"2025-04-14T17:46:21","date_gmt":"2025-04-14T17:46:21","guid":{"rendered":"https:\/\/informacionlocal.es\/local-products-sports-and-gastronomy-will-be-the-protagonists-of-paladea-2025\/"},"modified":"2025-04-14T17:46:21","modified_gmt":"2025-04-14T17:46:21","slug":"local-products-sports-and-gastronomy-will-be-the-protagonists-of-paladea-2025","status":"publish","type":"post","link":"https:\/\/informacionlocal.es\/en\/local-products-sports-and-gastronomy-will-be-the-protagonists-of-paladea-2025\/","title":{"rendered":"Local products, sports and gastronomy will be the protagonists of PALADEA 2025"},"content":{"rendered":"<p>The City Council of La Oliva, through the Department of Sports, led by Gleiber Carre\u00f1o, presents the new edition PALADEA Fuerteventura from 7 to 11 May. Hand in hand with the organization of Caima Sports Club and the collaboration of the Cabildo of Fuerteventura, Promotur of the Canary Islands Government and the Tourist Board of Fuerteventura, the Consistory promises a unique experience under the slogan &#8216;Products of our land that are to eat&#8217;.   <\/p>\n<p>Tradition and creativity, thus become the protagonists of the stoves for 5 days where gastronomy, nature and sport merge to give rise to a unique event on the island. In the gastronomic field, this edition will offer a varied agenda of showcookings with the presence of renowned chefs such as Alberto Mar\u00edn on Friday, May 9. On Saturday, May 10, Michelin-starred chef V\u00edctor Su\u00e1rez will share his best culinary techniques with other renowned professionals such as \u00c1ngel Lirio, Yareli P\u00e9rez Vera and Jorge Carballeira. In addition, Marcos Guti\u00e9rrez will be in charge of a showcooking specialized in salted fish.     <\/p>\n<p>Other activities such as the mojo pic\u00f3n contest and the majorero stew contest, under the management of the Fuertegourmet Association, will also stand out, focusing on traditional recipes that evoke the dishes of yesteryear. The meeting will also include the renowned tapas contest, where creativity and flavor will be awarded with prizes such as Tapa de Oro, Tapa de Plata, Tapa de Bronce, and Tapa del P\u00fablico.   <\/p>\n<p>The event will also feature an exhibition of gofio pellets and a day dedicated to our elders, where new versions of the usual dishes of the area will be proposed, using zero kilometer products. There will also be activities for children such as cooking workshops in PALADEA Kid and gastronomic experiences through PALADEA Schools for primary school students.   <\/p>\n<p>Drinks will not be left out either, as the meeting will feature a tasting of Victoria beer, wines from the wineries Tindama de La Oliva, Arautaba from Tenerife and Piedras de San Pedro from Riviera del Duero. PALADEA also brings with it a masterclass of Arehucas rum and a session on the world of gin and tonic by Royal Bliss tonic.   <\/p>\n<p>As far as sports are concerned, various events will be included, such as a 44 km mountain bike race, a 32 km trail, a 10 km hiking route from Los Lajares to Villaverde, and two parkour exhibitions. In turn, the craft market will offer local products and creations of artisans. Finally, the atmosphere will be enveloped in live music with the participation of groups such as Los 600, Los Aseres, Escuela de Calor, Dj Maxi, and Tributo a Sabina &#8211; 500 Noches Banda, among others.  <\/p>\n<p>The mayor of La Oliva, Isa\u00ed Blanco, highlights the relevance that the event has been acquiring in recent years: &#8220;PALADEA has managed to become a benchmark in the area of gastronomy and sport not only within the island, but also in the province of Las Palmas. Therefore, we consider of vital importance to continue betting on our culinary traditions, the local product and our athletes in a unique meeting in our municipality.&#8221;<\/p>\n<p>For her part, the president of the Cabildo Insular de Fuerteventura, Lola Garcia, highlights the collaboration of the Cabildo de Fuerteventura in an event already consolidated and that links sport with music and good food. &#8220;We are proud to invite the entire population to taste the best of our local produce.&#8221; <\/p>\n<p>Finally, the Councilor for Sports, Gleiber Carre\u00f1o, says: &#8220;PALADEA puts the accent on sport in La Oliva following the approach of promoting sports tourism in the municipality. The goal is to remember, once again, that sport and the taste for our traditions are part of the DNA of La Oliva.&#8221;<\/p>\n","protected":false},"excerpt":{"rendered":"<p><span>Under the slogan &#8216;Products of our land that are there to be eaten&#8217;, the Consistory promotes the sixth edition of the already consolidated event that promises to continue leaving its mark with the best of tradition and innovation in the culinary and sports sector of the municipality.<\/span><\/p>\n","protected":false},"author":1,"featured_media":1954,"comment_status":"open","ping_status":"open","sticky":false,"template":"","format":"standard","meta":{"inline_featured_image":false,"jnews-multi-image_gallery":[],"jnews_single_post":[],"jnews_primary_category":[],"jnews_social_meta":[],"jnews_override_counter":[],"jnews_post_split":[],"footnotes":""},"categories":[290],"tags":[190],"class_list":["post-1957","post","type-post","status-publish","format-standard","has-post-thumbnail","hentry","category-la-oliva-en","tag-fuerteventura-en"],"jetpack_featured_media_url":"https:\/\/informacionlocal.es\/wp-content\/uploads\/2025\/04\/5188_e17e8247.png","_links":{"self":[{"href":"https:\/\/informacionlocal.es\/en\/wp-json\/wp\/v2\/posts\/1957","targetHints":{"allow":["GET"]}}],"collection":[{"href":"https:\/\/informacionlocal.es\/en\/wp-json\/wp\/v2\/posts"}],"about":[{"href":"https:\/\/informacionlocal.es\/en\/wp-json\/wp\/v2\/types\/post"}],"author":[{"embeddable":true,"href":"https:\/\/informacionlocal.es\/en\/wp-json\/wp\/v2\/users\/1"}],"replies":[{"embeddable":true,"href":"https:\/\/informacionlocal.es\/en\/wp-json\/wp\/v2\/comments?post=1957"}],"version-history":[{"count":0,"href":"https:\/\/informacionlocal.es\/en\/wp-json\/wp\/v2\/posts\/1957\/revisions"}],"wp:featuredmedia":[{"embeddable":true,"href":"https:\/\/informacionlocal.es\/en\/wp-json\/wp\/v2\/media\/1954"}],"wp:attachment":[{"href":"https:\/\/informacionlocal.es\/en\/wp-json\/wp\/v2\/media?parent=1957"}],"wp:term":[{"taxonomy":"category","embeddable":true,"href":"https:\/\/informacionlocal.es\/en\/wp-json\/wp\/v2\/categories?post=1957"},{"taxonomy":"post_tag","embeddable":true,"href":"https:\/\/informacionlocal.es\/en\/wp-json\/wp\/v2\/tags?post=1957"}],"curies":[{"name":"wp","href":"https:\/\/api.w.org\/{rel}","templated":true}]}}