{"id":1933,"date":"2025-04-14T17:37:18","date_gmt":"2025-04-14T17:37:18","guid":{"rendered":"https:\/\/informacionlocal.es\/more-than-300-children-from-pajara-acquire-good-coexistence-practices-with-the-project-el-rincon-de-los-buenos-tratos-the-good-treatment-corner\/"},"modified":"2025-04-14T17:37:18","modified_gmt":"2025-04-14T17:37:18","slug":"more-than-300-children-from-pajara-acquire-good-coexistence-practices-with-the-project-el-rincon-de-los-buenos-tratos-the-good-treatment-corner","status":"publish","type":"post","link":"https:\/\/informacionlocal.es\/en\/more-than-300-children-from-pajara-acquire-good-coexistence-practices-with-the-project-el-rincon-de-los-buenos-tratos-the-good-treatment-corner\/","title":{"rendered":"More than 300 children from P\u00e1jara acquire good coexistence practices with the project &#8216;El Rinc\u00f3n de los Buenos Tratos&#8217; (The Good Treatment Corner)."},"content":{"rendered":"<div class=\"entry-content\">\n<p><b><i>Councilwoman Kathaisa Rodr\u00edguez bets on prevention and emotional education as the basis for a violence-free society.  <\/i><\/b><\/p>\n<p><span>The City Council of P\u00e1jara, through the Department of Social Services and its Women&#8217;s Program, successfully completed the project &#8216;El Rinc\u00f3n de los Buenos Tratos&#8217;, an initiative for the prevention of violence that has been carried out in schools in the municipality and which has received funding from the State Pact against Gender Violence.  <\/span><\/p>\n<p><span>The Councilor for Social Services, Kathaisa Rodr\u00edguez, stressed that this project &#8220;is committed to prevention as a fundamental tool for building a more just, egalitarian and violence-free society&#8221;. In addition, she pointed out that &#8220;314 young people from the municipality&#8217;s six infant and primary schools and secondary school participated in the workshops&#8221;. <\/span><\/p>\n<p><span>Likewise, the councilor reaffirmed the commitment that the government group has with the children and youth of the municipality. &#8220;Through initiatives that reinforce empathy, self-esteem and respect. Projects like this strengthen the foundations for a more egalitarian and violence-free society,&#8221; she remarked.   <\/span><\/p>\n<p><span>The activity was directed by the professional Marta Caballero, director of &#8216;Un lugar en calma&#8217;, and counted with the active participation of women from the municipality, who shared with the students their experiences about what relationships and community life were like in other times. These women were Mar\u00eda Franc\u00e9s Morales, Juana P\u00e9rez Hern\u00e1ndez, Josefa Ramos Betancor, Rosario Rodr\u00edguez Placeres, Mar\u00eda Cayetana Rodr\u00edguez Rodr\u00edguez Rodr\u00edguez, Juana Cabrera Cabrera and Mar\u00eda del Pilar Vega Santana.   <\/span><\/p>\n<p><span>The Department highlights the excellent reception of this project by students, teachers and families, consolidating &#8216;El Rinc\u00f3n de los Buenos Tratos&#8217; as an effective tool for prevention, training and awareness.  <\/span><\/p>\n<div>Share<\/div>\n<\/div>\n","protected":false},"excerpt":{"rendered":"<p><i>Councilwoman Kathaisa Rodr\u00edguez bets on prevention and emotional education as the basis for a violence-free society.  <\/i><\/p>\n","protected":false},"author":1,"featured_media":1930,"comment_status":"open","ping_status":"open","sticky":false,"template":"","format":"standard","meta":{"inline_featured_image":false,"jnews-multi-image_gallery":[],"jnews_single_post":[],"jnews_primary_category":[],"jnews_social_meta":[],"jnews_override_counter":[],"jnews_post_split":[],"footnotes":""},"categories":[296],"tags":[302],"class_list":["post-1933","post","type-post","status-publish","format-standard","has-post-thumbnail","hentry","category-pajara-en","tag-educacion-en"],"jetpack_featured_media_url":"https:\/\/informacionlocal.es\/wp-content\/uploads\/2025\/04\/el-rincon-de-los-buenos-tratos-2-e1744629356758.png","_links":{"self":[{"href":"https:\/\/informacionlocal.es\/en\/wp-json\/wp\/v2\/posts\/1933","targetHints":{"allow":["GET"]}}],"collection":[{"href":"https:\/\/informacionlocal.es\/en\/wp-json\/wp\/v2\/posts"}],"about":[{"href":"https:\/\/informacionlocal.es\/en\/wp-json\/wp\/v2\/types\/post"}],"author":[{"embeddable":true,"href":"https:\/\/informacionlocal.es\/en\/wp-json\/wp\/v2\/users\/1"}],"replies":[{"embeddable":true,"href":"https:\/\/informacionlocal.es\/en\/wp-json\/wp\/v2\/comments?post=1933"}],"version-history":[{"count":0,"href":"https:\/\/informacionlocal.es\/en\/wp-json\/wp\/v2\/posts\/1933\/revisions"}],"wp:featuredmedia":[{"embeddable":true,"href":"https:\/\/informacionlocal.es\/en\/wp-json\/wp\/v2\/media\/1930"}],"wp:attachment":[{"href":"https:\/\/informacionlocal.es\/en\/wp-json\/wp\/v2\/media?parent=1933"}],"wp:term":[{"taxonomy":"category","embeddable":true,"href":"https:\/\/informacionlocal.es\/en\/wp-json\/wp\/v2\/categories?post=1933"},{"taxonomy":"post_tag","embeddable":true,"href":"https:\/\/informacionlocal.es\/en\/wp-json\/wp\/v2\/tags?post=1933"}],"curies":[{"name":"wp","href":"https:\/\/api.w.org\/{rel}","templated":true}]}}