{"id":18778,"date":"2026-03-17T17:03:38","date_gmt":"2026-03-17T17:03:38","guid":{"rendered":"https:\/\/informacionlocal.es\/la-escuela-insular-de-musica-celebra-los-conciertos-de-primavera-una-semana-musical-del-21-al-26-de-marzo\/"},"modified":"2026-03-17T17:03:38","modified_gmt":"2026-03-17T17:03:38","slug":"la-escuela-insular-de-musica-celebra-los-conciertos-de-primavera-una-semana-musical-del-21-al-26-de-marzo","status":"publish","type":"post","link":"https:\/\/informacionlocal.es\/en\/la-escuela-insular-de-musica-celebra-los-conciertos-de-primavera-una-semana-musical-del-21-al-26-de-marzo\/","title":{"rendered":"La Escuela Insular de M\u00fasica celebra los Conciertos de Primavera, una semana musical del 21 al 26 de marzo"},"content":{"rendered":"<div class=\"entry-content\"><strong>17 marzo, 2026<\/strong><\/p>\n<p>La Escuela Insular de M\u00fasica de Fuerteventura (EIMF), dependiente del Cabildo de Fuerteventura, celebra, por primera vez, los Conciertos de Primavera, un nuevo ciclo musical que tendr\u00e1 lugar del 21 al 26 de marzo en distintos espacios culturales de Puerto del Rosario y Antigua.<\/p>\n<p>Seg\u00fan el consejero de Educaci\u00f3n, Adargoma Hern\u00e1ndez, esta semana de conciertos re\u00fane a alumnado y profesorado en una programaci\u00f3n diversa que abarca desde la m\u00fasica tradicional a propuestas esc\u00e9nicas contempor\u00e1neas, con el objetivo de acercar la actividad de la Escuela a la ciudadan\u00eda.<\/p>\n<p>El ciclo dar\u00e1 comienzo el 21 de marzo a las 17.30 horas con el Concierto de Guitarras, La\u00fades y Timples en el Auditorio de Antigua, con la participaci\u00f3n, adem\u00e1s, de la Escuela de M\u00fasica y Danza \u00abVilla de La Orotava\u00bb, con entrada libre hasta completar aforo.<\/p>\n<p>El 23 de marzo a las 19.00 horas, el Sal\u00f3n de Actos de la EIMF acoger\u00e1 el Concierto de Escuelas de M\u00fasica, un encuentro que reunir\u00e1 a la Escuela Municipal de M\u00fasica de Antigua, la Escuela Municipal de M\u00fasica de La Oliva, la Escuela de M\u00fasica y Danza de P\u00e1jara, la Escuela de M\u00fasica Maxocrearte, la Escuela de M\u00fasica La Nueva Saga y la Escuela Insular de M\u00fasica de Fuerteventura en una muestra del talento joven de la isla.<\/p>\n<p>El 24 de marzo a las 19.00 horas, el Palacio de Formaci\u00f3n y Congresos de Fuerteventura ser\u00e1 escenario del Concierto SINESTESIA, una propuesta multidisciplinar, desarrollada por la Banda de la Escuela Insular de M\u00fasica en colaboraci\u00f3n con la Escuela de Arte de Fuerteventura, para la que ser\u00e1 necesaria invitaci\u00f3n previa a trav\u00e9s de la web\u00a0www.ecoentradas.com.<\/p>\n<p>La programaci\u00f3n continuar\u00e1 el 25 de marzo a las 19.00 horas con la audici\u00f3n tem\u00e1tica \u201cEl Clasicismo\u201d, en el Sal\u00f3n de Actos de la EIMF, con entrada libre hasta completar aforo.<\/p>\n<p>El ciclo culminar\u00e1 el 26 de marzo a las 19.00 horas con el Concierto del Profesorado de la EIMF, en el Palacio de Formaci\u00f3n y Congresos, donde el equipo docente ofrecer\u00e1 un recital que pone en valor su calidad art\u00edstica. Para este evento tambi\u00e9n ser\u00e1 necesaria invitaci\u00f3n previa por\u00a0www.ecoentradas.com<\/p>\n<p>Con esta iniciativa, la Escuela Insular de M\u00fasica de Fuerteventura impulsa un nuevo espacio de encuentro entre formaci\u00f3n, creaci\u00f3n y p\u00fablico, consolidando su compromiso con la difusi\u00f3n musical y el acceso a la cultura.<\/p>\n<\/div>\n","protected":false},"excerpt":{"rendered":"<p>17 marzo, 2026 La Escuela Insular de M\u00fasica de Fuerteventura (EIMF), dependiente del Cabildo de Fuerteventura, celebra, por primera vez, los Conciertos de Primavera, un nuevo ciclo musical que tendr\u00e1 [&hellip;]<\/p>\n","protected":false},"author":1,"featured_media":18780,"comment_status":"open","ping_status":"open","sticky":false,"template":"","format":"standard","meta":{"inline_featured_image":false,"jnews-multi-image_gallery":[],"jnews_single_post":[],"jnews_primary_category":[],"jnews_social_meta":[],"jnews_override_counter":[],"jnews_post_split":[],"footnotes":""},"categories":[58],"tags":[82],"class_list":["post-18778","post","type-post","status-publish","format-standard","has-post-thumbnail","hentry","category-cabildo","tag-fuerteventura"],"jetpack_featured_media_url":"https:\/\/informacionlocal.es\/wp-content\/uploads\/2026\/03\/rg.png","_links":{"self":[{"href":"https:\/\/informacionlocal.es\/en\/wp-json\/wp\/v2\/posts\/18778","targetHints":{"allow":["GET"]}}],"collection":[{"href":"https:\/\/informacionlocal.es\/en\/wp-json\/wp\/v2\/posts"}],"about":[{"href":"https:\/\/informacionlocal.es\/en\/wp-json\/wp\/v2\/types\/post"}],"author":[{"embeddable":true,"href":"https:\/\/informacionlocal.es\/en\/wp-json\/wp\/v2\/users\/1"}],"replies":[{"embeddable":true,"href":"https:\/\/informacionlocal.es\/en\/wp-json\/wp\/v2\/comments?post=18778"}],"version-history":[{"count":0,"href":"https:\/\/informacionlocal.es\/en\/wp-json\/wp\/v2\/posts\/18778\/revisions"}],"wp:featuredmedia":[{"embeddable":true,"href":"https:\/\/informacionlocal.es\/en\/wp-json\/wp\/v2\/media\/18780"}],"wp:attachment":[{"href":"https:\/\/informacionlocal.es\/en\/wp-json\/wp\/v2\/media?parent=18778"}],"wp:term":[{"taxonomy":"category","embeddable":true,"href":"https:\/\/informacionlocal.es\/en\/wp-json\/wp\/v2\/categories?post=18778"},{"taxonomy":"post_tag","embeddable":true,"href":"https:\/\/informacionlocal.es\/en\/wp-json\/wp\/v2\/tags?post=18778"}],"curies":[{"name":"wp","href":"https:\/\/api.w.org\/{rel}","templated":true}]}}