{"id":18680,"date":"2026-03-13T16:02:35","date_gmt":"2026-03-13T16:02:35","guid":{"rendered":"https:\/\/informacionlocal.es\/el-cabildo-recibe-a-la-seleccion-insular-femenina-sub-14-de-futbol-sala-vencedoras-en-los-campeonatos-de-canarias-en-edad-escolar\/"},"modified":"2026-03-13T16:02:35","modified_gmt":"2026-03-13T16:02:35","slug":"el-cabildo-recibe-a-la-seleccion-insular-femenina-sub-14-de-futbol-sala-vencedoras-en-los-campeonatos-de-canarias-en-edad-escolar","status":"publish","type":"post","link":"https:\/\/informacionlocal.es\/en\/el-cabildo-recibe-a-la-seleccion-insular-femenina-sub-14-de-futbol-sala-vencedoras-en-los-campeonatos-de-canarias-en-edad-escolar\/","title":{"rendered":"\ufeffEl Cabildo recibe a la Selecci\u00f3n Insular Femenina Sub-14 de F\u00fatbol Sala, vencedoras en los Campeonatos de Canarias en Edad Escolar"},"content":{"rendered":"<div class=\"entry-content\"><strong>13 marzo, 2026<\/strong><\/p>\n<p><\/p>\n<p><strong>Jueves, 12 de marzo de 2026.- <\/strong><\/p>\n<p>El Cabildo de Fuerteventura ha recibido a la<br \/>\nSelecci\u00f3n Insular Femenina Sub-14 de F\u00fatbol Sala, que se proclamaron campeonas<br \/>\nregionales en los Campeonatos de Canarias en Edad Escolar, organizados por la<br \/>\nDirecci\u00f3n General de Deportes del Gobierno de Canarias y las federaciones<br \/>\ninterinsulares de f\u00fatbol.<\/p>\n<p>Las jugadoras majoreras se alzaron con el<br \/>\nt\u00edtulo de campeonas por segundo a\u00f1o consecutivo. Fueron recibidas por la<br \/>\npresidenta del Cabildo, Lola Garc\u00eda, el consejero de Deportes, Luis Gonz\u00e1lez,<br \/>\nas\u00ed como la portavoz de AM-CC, Nuria Cabrera, y la portavoz de NC-FAC, Sonia<br \/>\n\u00c1lamo.<\/p>\n<p>Lola Garc\u00eda agradeci\u00f3 \u201cla implicaci\u00f3n y el<br \/>\napoyo tanto de las familias como las federaciones insulares y regional, as\u00ed<br \/>\ncomo de las jugadoras por lo que han demostrado\u201d. \u201cEs importante que las<br \/>\npersonas que practican deporte tengan el reconocimiento que se merecen, ya que<br \/>\nhan puesto el f\u00fatbol sala majorero en lo m\u00e1s alto\u201d.<\/p>\n<p>Luis Gonz\u00e1lez felicit\u00f3 a la selecci\u00f3n<br \/>\nmajorera. \u201cTuve la oportunidad de acompa\u00f1arlas en el entrenamiento, as\u00ed como en<br \/>\nla fase previa y la final, y es un orgullo lo que han conseguido, d\u00e1ndonos una<br \/>\nfinal espectacular\u201d. <\/p>\n<p>El seleccionador insular de Futbol Sala Femenino, Manuel Rodr\u00edguez, que fue galardonado  por alcanzar su tercer t\u00edtulo como seleccionador, asegur\u00f3 agradeci\u00f3 a los padres y madres \u201cque son los que mueven a estas deportistas\u201d, as\u00ed como a todas las jugadoras y el apoyo del Cabildo. Estuvo acompa\u00f1ado, adem\u00e1s, por el Presidente de la Federaci\u00f3n Interinsular de Futbol de Las Palmas, Jos\u00e9 Juan Arencibia, y el delegado insular de la Federaci\u00f3n Insular de F\u00fatbol, Jacob V\u00e1zquez, que siempre est\u00e1n presenten en los \u00e9xitos del deporte majorero.<\/p>\n<\/div>\n","protected":false},"excerpt":{"rendered":"<p>13 marzo, 2026 Jueves, 12 de marzo de 2026.- El Cabildo de Fuerteventura ha recibido a la Selecci\u00f3n Insular Femenina Sub-14 de F\u00fatbol Sala, que se proclamaron campeonas regionales en [&hellip;]<\/p>\n","protected":false},"author":1,"featured_media":0,"comment_status":"open","ping_status":"open","sticky":false,"template":"","format":"standard","meta":{"inline_featured_image":false,"jnews-multi-image_gallery":[],"jnews_single_post":[],"jnews_primary_category":[],"jnews_social_meta":[],"jnews_override_counter":[],"jnews_post_split":[],"footnotes":""},"categories":[58],"tags":[82],"class_list":["post-18680","post","type-post","status-publish","format-standard","hentry","category-cabildo","tag-fuerteventura"],"jetpack_featured_media_url":"","_links":{"self":[{"href":"https:\/\/informacionlocal.es\/en\/wp-json\/wp\/v2\/posts\/18680","targetHints":{"allow":["GET"]}}],"collection":[{"href":"https:\/\/informacionlocal.es\/en\/wp-json\/wp\/v2\/posts"}],"about":[{"href":"https:\/\/informacionlocal.es\/en\/wp-json\/wp\/v2\/types\/post"}],"author":[{"embeddable":true,"href":"https:\/\/informacionlocal.es\/en\/wp-json\/wp\/v2\/users\/1"}],"replies":[{"embeddable":true,"href":"https:\/\/informacionlocal.es\/en\/wp-json\/wp\/v2\/comments?post=18680"}],"version-history":[{"count":0,"href":"https:\/\/informacionlocal.es\/en\/wp-json\/wp\/v2\/posts\/18680\/revisions"}],"wp:attachment":[{"href":"https:\/\/informacionlocal.es\/en\/wp-json\/wp\/v2\/media?parent=18680"}],"wp:term":[{"taxonomy":"category","embeddable":true,"href":"https:\/\/informacionlocal.es\/en\/wp-json\/wp\/v2\/categories?post=18680"},{"taxonomy":"post_tag","embeddable":true,"href":"https:\/\/informacionlocal.es\/en\/wp-json\/wp\/v2\/tags?post=18680"}],"curies":[{"name":"wp","href":"https:\/\/api.w.org\/{rel}","templated":true}]}}