{"id":18668,"date":"2026-03-13T14:03:15","date_gmt":"2026-03-13T14:03:15","guid":{"rendered":"https:\/\/informacionlocal.es\/antigua-celebra-este-domingo-el-dia-del-padre-con-una-fiesta-familiar-en-la-plaza\/"},"modified":"2026-03-13T14:03:15","modified_gmt":"2026-03-13T14:03:15","slug":"antigua-celebra-este-domingo-el-dia-del-padre-con-una-fiesta-familiar-en-la-plaza","status":"publish","type":"post","link":"https:\/\/informacionlocal.es\/en\/antigua-celebra-este-domingo-el-dia-del-padre-con-una-fiesta-familiar-en-la-plaza\/","title":{"rendered":"Antigua celebra este domingo el D\u00eda del Padre con una fiesta familiar en la plaza"},"content":{"rendered":"<div class=\"elementor-widget-container\">\n<p><strong>Antigua celebra este domingo el D\u00eda del Padre con una fiesta familiar en la plaza<\/strong><\/p>\n<p><strong>\u2022 \u2018Feliz d\u00eda pap\u00e1\u2019 tendr\u00e1 lugar este domingo 15 de marzo, de 10:30 a 13:30 horas, en la Plaza de Antigua.<\/strong><br \/><strong>\u2022 La jornada contar\u00e1 con talleres creativos, castillos hinchables y merienda saludable gratuita para los menores. <\/strong><br \/><strong>\u2022 Una celebraci\u00f3n en familia con divertidos talleres, castillos hinchables y merienda saludable y gratuita para los m\u00e1s peque\u00f1os y peque\u00f1as.<\/strong><\/p>\n<p>El Ayuntamiento de Antigua desde la concejal\u00eda de Comercio, organiza este domingo 15 de marzo la fiesta familiar Feliz d\u00eda pap\u00e1, en la Plaza de Antigua para conmemorar el D\u00eda del Padre, en horario matutino de 10:30 a 13:30 horas.<\/p>\n<p>El alcalde, Mat\u00edas Pe\u00f1a Garc\u00eda destaca iniciativas como estas que se viene organizando desde distintas \u00e1reas en diferentes localidades por ser un respaldo e incentivar la econom\u00eda local de cafeter\u00edas, restaurantes y comercios cercanos, adem\u00e1s de fomentar el encuentro entre vecinos en un entorno festivo con actividades totalmente gratuitas.<\/p>\n<p>Por su parte, el concejal de Comercio, Giuseppe Signorino, detalla que los asistentes podr\u00e1n disfrutar de talleres de manualidades para dise\u00f1ar regalos personalizados, como llaveros y tarjetas, y a\u00f1ade, queremos que los m\u00e1s peque\u00f1os tengan un detalle especial para sus padres hecho por ellos mismos.<\/p>\n<p>La oferta de ocio se completar\u00e1 con la instalaci\u00f3n de castillos hinchables y una zona de juegos tradicionales. Adem\u00e1s, se repartir\u00e1n palomitas y una merienda saludable para todos los ni\u00f1os y ni\u00f1as participantes.<\/p>\n<p>Es una invitaci\u00f3n a quedarse en el municipio y consumir en Antigua, concluye Signorino, subrayando el valor de ofrecer actividades atractivas que dinamicen las zonas comerciales durante los fines de semana.<\/p>\n<p>\u00a0<\/p>\n<\/div>\n","protected":false},"excerpt":{"rendered":"<p><strong>Antigua celebra este domingo el D\u00eda del Padre con una fiesta familiar en la plaza<\/strong><\/p>\n","protected":false},"author":1,"featured_media":18670,"comment_status":"open","ping_status":"open","sticky":false,"template":"","format":"standard","meta":{"inline_featured_image":false,"jnews-multi-image_gallery":[],"jnews_single_post":[],"jnews_primary_category":[],"jnews_social_meta":[],"jnews_override_counter":[],"jnews_post_split":[],"footnotes":""},"categories":[59],"tags":[],"class_list":["post-18668","post","type-post","status-publish","format-standard","has-post-thumbnail","hentry","category-antigua"],"jetpack_featured_media_url":"https:\/\/informacionlocal.es\/wp-content\/uploads\/2026\/03\/dia-del-padre-2026-1.jpg","_links":{"self":[{"href":"https:\/\/informacionlocal.es\/en\/wp-json\/wp\/v2\/posts\/18668","targetHints":{"allow":["GET"]}}],"collection":[{"href":"https:\/\/informacionlocal.es\/en\/wp-json\/wp\/v2\/posts"}],"about":[{"href":"https:\/\/informacionlocal.es\/en\/wp-json\/wp\/v2\/types\/post"}],"author":[{"embeddable":true,"href":"https:\/\/informacionlocal.es\/en\/wp-json\/wp\/v2\/users\/1"}],"replies":[{"embeddable":true,"href":"https:\/\/informacionlocal.es\/en\/wp-json\/wp\/v2\/comments?post=18668"}],"version-history":[{"count":0,"href":"https:\/\/informacionlocal.es\/en\/wp-json\/wp\/v2\/posts\/18668\/revisions"}],"wp:featuredmedia":[{"embeddable":true,"href":"https:\/\/informacionlocal.es\/en\/wp-json\/wp\/v2\/media\/18670"}],"wp:attachment":[{"href":"https:\/\/informacionlocal.es\/en\/wp-json\/wp\/v2\/media?parent=18668"}],"wp:term":[{"taxonomy":"category","embeddable":true,"href":"https:\/\/informacionlocal.es\/en\/wp-json\/wp\/v2\/categories?post=18668"},{"taxonomy":"post_tag","embeddable":true,"href":"https:\/\/informacionlocal.es\/en\/wp-json\/wp\/v2\/tags?post=18668"}],"curies":[{"name":"wp","href":"https:\/\/api.w.org\/{rel}","templated":true}]}}