{"id":18662,"date":"2026-03-13T13:02:06","date_gmt":"2026-03-13T13:02:06","guid":{"rendered":"https:\/\/informacionlocal.es\/el-cabildo-refuerza-la-semana-azul-y-otras-actividades-nauticas-con-nuevo-material\/"},"modified":"2026-03-13T13:02:06","modified_gmt":"2026-03-13T13:02:06","slug":"el-cabildo-refuerza-la-semana-azul-y-otras-actividades-nauticas-con-nuevo-material","status":"publish","type":"post","link":"https:\/\/informacionlocal.es\/en\/el-cabildo-refuerza-la-semana-azul-y-otras-actividades-nauticas-con-nuevo-material\/","title":{"rendered":"\ufeffEl Cabildo refuerza la Semana Azul y otras actividades n\u00e1uticas con nuevo material"},"content":{"rendered":"<div class=\"entry-content\"><strong>13 marzo, 2026<\/strong><\/p>\n<p><em><strong>El programa \u2018Semana Azul\u2019 se desarrolla actualmente en Morro Jable, dentro de su recorrido por todos los municipios majoreros<\/strong><\/em><\/p>\n<p>El Cabildo de Fuerteventura, a trav\u00e9s de la Consejer\u00eda de Deportes, ha adquirido nuevo material para el desarrollo de las actividades n\u00e1uticas que se impulsan desde el programa \u2018Semana Azul\u2019 y otras colaboraciones vinculadas a los deportes en el medio marino. Con la incorporaci\u00f3n del nuevo material, se refuerzan las condiciones, seguridad y calidad en la prestaci\u00f3n de este tipo de acciones.<\/p>\n<p>El material adquirido permitir\u00e1 atender con mayores garant\u00edas las necesidades derivadas de la ejecuci\u00f3n del programa \u2018Semana Azul\u2019, programa consolidado dentro de la oferta educativa y deportiva del Cabildo, orientado a facilitar el acercamiento de la poblaci\u00f3n escolar al medio marino a trav\u00e9s de experiencias formativas y de iniciaci\u00f3n a distintas modalidades n\u00e1uticas.<\/p>\n<p>Asimismo, este suministro contribuir\u00e1 a mejorar la capacidad de respuesta de la Consejer\u00eda ante otras actuaciones de colaboraci\u00f3n en actividades n\u00e1uticas, favoreciendo una mejor planificaci\u00f3n y desarrollo de aquellas iniciativas dirigidas a fomentar la pr\u00e1ctica deportiva, la educaci\u00f3n en valores y el conocimiento del entorno litoral de Fuerteventura.<\/p>\n<p>Seg\u00fan explica el consejero de Deportes, Luis Gonz\u00e1lez, la actuaci\u00f3n se enmarca en la l\u00ednea de trabajo que mantiene el Cabildo de Fuerteventura para el fortalecimiento de los programas deportivos de car\u00e1cter educativo, social e integrador, mediante la dotaci\u00f3n de recursos que permitan ampliar y consolidar una oferta accesible, segura y adaptada a las necesidades de la ciudadan\u00eda.<\/p>\n<p><strong>Semana Azul<\/strong><\/p>\n<p>La Consejer\u00eda de Deportes del Cabildo contin\u00faa llevando la \u2018Semana Azul\u2019 a los diferentes municipios de Fuerteventura, con la participaci\u00f3n de un millar de escolares. Del 10 al 26 de marzo, el programa se desarrolla en la sede de Morro Jable, con la participaci\u00f3n de centros educativos del municipio de P\u00e1jara.<\/p>\n<p>En esta edici\u00f3n participan tres centros escolares del citado municipio, con un total de 120 alumnos y alumnas, que toman parte en una propuesta educativa y deportiva orientada al acercamiento al medio marino a trav\u00e9s de actividades de iniciaci\u00f3n y pr\u00e1ctica n\u00e1utica.<\/p>\n<p>Con esta iniciativa, el Cabildo de Fuerteventura reafirma su compromiso con el impulso de las actividades n\u00e1uticas como instrumento de formaci\u00f3n, cohesi\u00f3n social y promoci\u00f3n del deporte para todos, consolidando \u2018La Semana Azul\u2019 y el conjunto de acciones asociadas al medio marino como parte relevante de su pol\u00edtica deportiva insular.<\/p>\n<p>La Consejer\u00eda de Deportes quiere trasladar, adem\u00e1s, su agradecimiento al Ayuntamiento de P\u00e1jara, al Club N\u00e1utico Pen\u00ednsula de Jand\u00eda, a Puertos Canarios y a la Autoridad Portuaria, por su colaboraci\u00f3n y disposici\u00f3n para hacer posible el desarrollo de esta iniciativa en la sede de Morro Jable, contribuyendo de forma coordinada al impulso de un programa que promueve el deporte n\u00e1utico, la educaci\u00f3n en valores y el conocimiento del medio marino entre la poblaci\u00f3n escolar. Tras su paso por Morro Jable, la \u2018Semana Azul\u2019 se trasladar\u00e1 a Puerto del Rosario.<\/p>\n<p>La \u2018Semana Azul\u2019 forma parte de la estrategia Sportura25-35 de la Consejer\u00eda insular de Deportes, que engloba actividades y programas para mejorar la calidad de vida de la poblaci\u00f3n residente en Fuerteventura, siendo el deporte herramienta fundamental para alcanzar objetivos como el bienestar, la salud o la cooperaci\u00f3n. La Corporaci\u00f3n insular garantiza la pr\u00e1ctica de la actividad f\u00edsico-deportiva mediante la promoci\u00f3n del deporte en todas sus expresiones y la consecuci\u00f3n de una pr\u00e1ctica deportiva saludable, integradora y exenta de violencia.<\/p>\n<\/div>\n","protected":false},"excerpt":{"rendered":"<p>13 marzo, 2026 El programa \u2018Semana Azul\u2019 se desarrolla actualmente en Morro Jable, dentro de su recorrido por todos los municipios majoreros El Cabildo de Fuerteventura, a trav\u00e9s de la [&hellip;]<\/p>\n","protected":false},"author":1,"featured_media":18664,"comment_status":"open","ping_status":"open","sticky":false,"template":"","format":"standard","meta":{"inline_featured_image":false,"jnews-multi-image_gallery":[],"jnews_single_post":[],"jnews_primary_category":[],"jnews_social_meta":[],"jnews_override_counter":[],"jnews_post_split":[],"footnotes":""},"categories":[58],"tags":[73,82,65],"class_list":["post-18662","post","type-post","status-publish","format-standard","has-post-thumbnail","hentry","category-cabildo","tag-educacion","tag-fuerteventura","tag-municipios"],"jetpack_featured_media_url":"https:\/\/informacionlocal.es\/wp-content\/uploads\/2026\/03\/fghtyh.jpeg","_links":{"self":[{"href":"https:\/\/informacionlocal.es\/en\/wp-json\/wp\/v2\/posts\/18662","targetHints":{"allow":["GET"]}}],"collection":[{"href":"https:\/\/informacionlocal.es\/en\/wp-json\/wp\/v2\/posts"}],"about":[{"href":"https:\/\/informacionlocal.es\/en\/wp-json\/wp\/v2\/types\/post"}],"author":[{"embeddable":true,"href":"https:\/\/informacionlocal.es\/en\/wp-json\/wp\/v2\/users\/1"}],"replies":[{"embeddable":true,"href":"https:\/\/informacionlocal.es\/en\/wp-json\/wp\/v2\/comments?post=18662"}],"version-history":[{"count":0,"href":"https:\/\/informacionlocal.es\/en\/wp-json\/wp\/v2\/posts\/18662\/revisions"}],"wp:featuredmedia":[{"embeddable":true,"href":"https:\/\/informacionlocal.es\/en\/wp-json\/wp\/v2\/media\/18664"}],"wp:attachment":[{"href":"https:\/\/informacionlocal.es\/en\/wp-json\/wp\/v2\/media?parent=18662"}],"wp:term":[{"taxonomy":"category","embeddable":true,"href":"https:\/\/informacionlocal.es\/en\/wp-json\/wp\/v2\/categories?post=18662"},{"taxonomy":"post_tag","embeddable":true,"href":"https:\/\/informacionlocal.es\/en\/wp-json\/wp\/v2\/tags?post=18662"}],"curies":[{"name":"wp","href":"https:\/\/api.w.org\/{rel}","templated":true}]}}