{"id":18638,"date":"2026-03-13T00:02:35","date_gmt":"2026-03-13T00:02:35","guid":{"rendered":"https:\/\/informacionlocal.es\/puerto-del-rosario-mejora-el-alumbrado-publico-en-cuatro-de-las-principales-calles-de-la-capital-con-la-sustitucion-de-171-luminarias\/"},"modified":"2026-03-13T00:02:35","modified_gmt":"2026-03-13T00:02:35","slug":"puerto-del-rosario-mejora-el-alumbrado-publico-en-cuatro-de-las-principales-calles-de-la-capital-con-la-sustitucion-de-171-luminarias","status":"publish","type":"post","link":"https:\/\/informacionlocal.es\/en\/puerto-del-rosario-mejora-el-alumbrado-publico-en-cuatro-de-las-principales-calles-de-la-capital-con-la-sustitucion-de-171-luminarias\/","title":{"rendered":"Puerto del Rosario mejora el alumbrado p\u00fablico en cuatro de las principales calles de la capital con la sustituci\u00f3n de 171 luminarias"},"content":{"rendered":"<div class=\"entry-content\">\n<p>El Ayuntamiento de Puerto del Rosario, a trav\u00e9s de la empresa responsable del servicio, ha puesto en marcha un ambicioso plan de mejora del alumbrado p\u00fablico en cuatro de las v\u00edas m\u00e1s transitadas de la capital. La actuaci\u00f3n, que ya se encuentra en ejecuci\u00f3n, consiste en la sustituci\u00f3n de 171 puntos de luz con el objetivo de incrementar los niveles de iluminaci\u00f3n, reforzar la seguridad vial y peatonal, y mejorar la visibilidad en estas importantes arterias de la ciudad.<\/p>\n<p>Los trabajos se est\u00e1n desarrollando en las calles Secundino Alonso, Avenida de la Constituci\u00f3n, Juan de Betancourt y Virgen de la Pe\u00f1a, donde se est\u00e1 procediendo a la renovaci\u00f3n del alumbrado existente por luminarias de \u00faltima generaci\u00f3n, m\u00e1s eficientes y con una capacidad lum\u00ednica muy superior. Gracias a esta actuaci\u00f3n, se incrementar\u00e1 en m\u00e1s de un 60% el flujo luminoso en estas v\u00edas, llegando incluso a superar el 80% de mejora en el caso de la calle Secundino Alonso.<\/p>\n<p>El <strong>alcalde, David de Vera,<\/strong> ha querido destacar la importancia de esta iniciativa para la calidad de vida en el municipio.<\/p>\n<p>\u00abEste tipo de actuaciones son una prioridad para este equipo de gobierno. No solo hablamos de una mejora est\u00e9tica, sino de una cuesti\u00f3n fundamental de seguridad y bienestar para los vecinos y vecinas que transitan a diario por estas calles. Con esta renovaci\u00f3n, damos un salto cualitativo en la imagen de nuestra ciudad, pero, sobre todo, respondemos a una demanda ciudadana para contar con espacios p\u00fablicos mejor iluminados y, por tanto, m\u00e1s seguros. Seguiremos trabajando para extender estas mejoras a m\u00e1s puntos del municipio\u00bb, se\u00f1al\u00f3 el primer edil.<\/p>\n<p>Las nuevas luminarias instaladas, con potencias comprendidas entre los 68 y los 79 vatios, permiten lograr esta notable mejora en la iluminaci\u00f3n manteniendo unos estrictos criterios de eficiencia energ\u00e9tica y sostenibilidad. De esta forma, el Ayuntamiento no solo optimiza el servicio, sino que tambi\u00e9n contribuye al ahorro energ\u00e9tico y a la reducci\u00f3n de la huella de carbono.<\/p>\n<p>Por su parte, el <strong>concejal de Servicios Municipales, David de Le\u00f3n<\/strong>, ha explicado los detalles t\u00e9cnicos de la intervenci\u00f3n, incidiendo en el equilibrio entre la mejora del servicio y el cumplimiento de la normativa.<\/p>\n<p>\u00abEstamos muy satisfechos con el resultado que ya se empieza a notar en estas v\u00edas. Esta actuaci\u00f3n nos permite dar un importante salto en la calidad de la iluminaci\u00f3n, mejorando notablemente la visibilidad y la seguridad. Es importante resaltar que esta mejora se realiza cumpliendo en todo momento con el Reglamento de eficiencia energ\u00e9tica en instalaciones de alumbrado exterior, lo que garantiza una iluminaci\u00f3n m\u00e1s potente, pero a la vez m\u00e1s eficiente, sostenible y completamente adaptada a la normativa vigente\u00bb, afirm\u00f3 el concejal.<\/p>\n<p>Con esta actuaci\u00f3n, el Ayuntamiento de Puerto del Rosario refuerza su compromiso con la modernizaci\u00f3n de los servicios p\u00fablicos y la mejora continua de los espacios urbanos, apostando por tecnolog\u00edas que combinan la eficiencia energ\u00e9tica con la calidad del servicio.<\/p>\n<\/div>\n","protected":false},"excerpt":{"rendered":"<p>El Ayuntamiento de Puerto del Rosario, a trav\u00e9s de la empresa responsable del servicio, ha puesto en marcha un ambicioso plan de mejora del alumbrado p\u00fablico en cuatro de las [&hellip;]<\/p>\n","protected":false},"author":1,"featured_media":18640,"comment_status":"open","ping_status":"open","sticky":false,"template":"","format":"standard","meta":{"inline_featured_image":false,"jnews-multi-image_gallery":[],"jnews_single_post":[],"jnews_primary_category":[],"jnews_social_meta":[],"jnews_override_counter":[],"jnews_post_split":[],"footnotes":""},"categories":[61],"tags":[66],"class_list":["post-18638","post","type-post","status-publish","format-standard","has-post-thumbnail","hentry","category-puerto-del-rosario","tag-servicios-publicos"],"jetpack_featured_media_url":"https:\/\/informacionlocal.es\/wp-content\/uploads\/2026\/03\/luminarias-titu-david-y-grua-0326.jpg","_links":{"self":[{"href":"https:\/\/informacionlocal.es\/en\/wp-json\/wp\/v2\/posts\/18638","targetHints":{"allow":["GET"]}}],"collection":[{"href":"https:\/\/informacionlocal.es\/en\/wp-json\/wp\/v2\/posts"}],"about":[{"href":"https:\/\/informacionlocal.es\/en\/wp-json\/wp\/v2\/types\/post"}],"author":[{"embeddable":true,"href":"https:\/\/informacionlocal.es\/en\/wp-json\/wp\/v2\/users\/1"}],"replies":[{"embeddable":true,"href":"https:\/\/informacionlocal.es\/en\/wp-json\/wp\/v2\/comments?post=18638"}],"version-history":[{"count":0,"href":"https:\/\/informacionlocal.es\/en\/wp-json\/wp\/v2\/posts\/18638\/revisions"}],"wp:featuredmedia":[{"embeddable":true,"href":"https:\/\/informacionlocal.es\/en\/wp-json\/wp\/v2\/media\/18640"}],"wp:attachment":[{"href":"https:\/\/informacionlocal.es\/en\/wp-json\/wp\/v2\/media?parent=18638"}],"wp:term":[{"taxonomy":"category","embeddable":true,"href":"https:\/\/informacionlocal.es\/en\/wp-json\/wp\/v2\/categories?post=18638"},{"taxonomy":"post_tag","embeddable":true,"href":"https:\/\/informacionlocal.es\/en\/wp-json\/wp\/v2\/tags?post=18638"}],"curies":[{"name":"wp","href":"https:\/\/api.w.org\/{rel}","templated":true}]}}