{"id":18614,"date":"2026-03-12T20:02:49","date_gmt":"2026-03-12T20:02:49","guid":{"rendered":"https:\/\/informacionlocal.es\/lola-garcia-y-narvay-quintero-preparan-un-encuentro-en-fuerteventura-para-analizar-los-efectos-de-la-guerra-en-el-sector-primario-y-abordar-medidas-de-apoyo\/"},"modified":"2026-03-12T20:02:49","modified_gmt":"2026-03-12T20:02:49","slug":"lola-garcia-y-narvay-quintero-preparan-un-encuentro-en-fuerteventura-para-analizar-los-efectos-de-la-guerra-en-el-sector-primario-y-abordar-medidas-de-apoyo","status":"publish","type":"post","link":"https:\/\/informacionlocal.es\/en\/lola-garcia-y-narvay-quintero-preparan-un-encuentro-en-fuerteventura-para-analizar-los-efectos-de-la-guerra-en-el-sector-primario-y-abordar-medidas-de-apoyo\/","title":{"rendered":"\ufeffLola Garc\u00eda y Narvay Quintero preparan un encuentro en Fuerteventura para analizar los efectos de la guerra en el sector primario y abordar medidas de apoyo"},"content":{"rendered":"<div class=\"entry-content\"><strong>12 marzo, 2026<\/strong><\/p>\n<p><em><strong>La presidenta insular y el consejero de Agricultura, Ganader\u00eda y Pesca, analizan el posible impacto econ\u00f3mico del conflicto internacional en el sector y avanzaron un encuentro de trabajo que se celebrar\u00e1 la pr\u00f3xima semana en la isla<\/strong><\/em><\/p>\n<p>La presidenta del Cabildo de Fuerteventura, Lola Garc\u00eda, mantuvo este mi\u00e9rcoles una reuni\u00f3n con el consejero de Agricultura, Ganader\u00eda, Pesca y Soberan\u00eda Alimentaria del Gobierno de Canarias, Narvay Quintero, como antesala del encuentro de trabajo que ambas instituciones celebrar\u00e1n la pr\u00f3xima semana en Fuerteventura para analizar la situaci\u00f3n del sector primario y estudiar posibles medidas de apoyo.<\/p>\n<p>Durante la reuni\u00f3n, celebrada ayer en el Parlamento de Canarias, se puso sobre la mesa la posible afectaci\u00f3n econ\u00f3mica que el actual contexto internacional, marcado por el conflicto en Ir\u00e1n, podr\u00eda tener sobre el sector primario, uno de los pilares tradicionales de la econom\u00eda insular. Ambas administraciones coincidieron en la necesidad de anticiparse a posibles subidas de precios y a sus consecuencias sobre un sector especialmente vulnerable en territorios insulares como Fuerteventura, donde adem\u00e1s se suma la realidad de la doble insularidad.<\/p>\n<p>La reuni\u00f3n permiti\u00f3 avanzar la coordinaci\u00f3n entre ambas de cara a preparar un \u00a0encuentro que se celebrar\u00e1 la pr\u00f3xima semana en Fuerteventura, donde se continuar\u00e1 trabajando en la definici\u00f3n de un paquete de medidas preventivas que permitan reforzar la capacidad de resistencia del sector. Este encuentro contar\u00e1 con la presencia de los ayuntamientos y del consejero de Agricultura, Ganader\u00eda y Pesca, Enrique P\u00e9rez.<\/p>\n<p>La presidenta del Cabildo record\u00f3 que \u201cya el presidente del Gobierno de Canarias, durante el Debate sobre el Estado de la Nacionalidad, anunci\u00f3 la necesidad de trabajar en medidas para todos los sectores que puedan verse afectados por este contexto internacional, y en esa l\u00ednea se pretende mantener reuniones tem\u00e1ticas para abordar la realidad de cada \u00e1mbito econ\u00f3mico\u201d.<\/p>\n<p>Asimismo, se\u00f1al\u00f3 que \u201cen el caso del sector primario ya hemos cerrado una reuni\u00f3n para que el consejero Narvay Quintero se desplace la pr\u00f3xima semana a Fuerteventura y podamos seguir avanzando en medidas concretas que ayuden a proteger a nuestra industria m\u00e1s tradicional\u201d.<\/p>\n<p>Desde el Cabildo de Fuerteventura se subraya la importancia de trabajar de forma coordinada entre administraciones para anticiparse a posibles escenarios de incertidumbre econ\u00f3mica y garantizar la estabilidad de uno de los sectores m\u00e1s importantes para el territorio, la econom\u00eda y la identidad de la isla.<\/p>\n<\/div>\n","protected":false},"excerpt":{"rendered":"<p>12 marzo, 2026 La presidenta insular y el consejero de Agricultura, Ganader\u00eda y Pesca, analizan el posible impacto econ\u00f3mico del conflicto internacional en el sector y avanzaron un encuentro de [&hellip;]<\/p>\n","protected":false},"author":1,"featured_media":18616,"comment_status":"open","ping_status":"open","sticky":false,"template":"","format":"standard","meta":{"inline_featured_image":false,"jnews-multi-image_gallery":[],"jnews_single_post":[],"jnews_primary_category":[],"jnews_social_meta":[],"jnews_override_counter":[],"jnews_post_split":[],"footnotes":""},"categories":[58],"tags":[82],"class_list":["post-18614","post","type-post","status-publish","format-standard","has-post-thumbnail","hentry","category-cabildo","tag-fuerteventura"],"jetpack_featured_media_url":"https:\/\/informacionlocal.es\/wp-content\/uploads\/2026\/03\/fff.jpeg","_links":{"self":[{"href":"https:\/\/informacionlocal.es\/en\/wp-json\/wp\/v2\/posts\/18614","targetHints":{"allow":["GET"]}}],"collection":[{"href":"https:\/\/informacionlocal.es\/en\/wp-json\/wp\/v2\/posts"}],"about":[{"href":"https:\/\/informacionlocal.es\/en\/wp-json\/wp\/v2\/types\/post"}],"author":[{"embeddable":true,"href":"https:\/\/informacionlocal.es\/en\/wp-json\/wp\/v2\/users\/1"}],"replies":[{"embeddable":true,"href":"https:\/\/informacionlocal.es\/en\/wp-json\/wp\/v2\/comments?post=18614"}],"version-history":[{"count":0,"href":"https:\/\/informacionlocal.es\/en\/wp-json\/wp\/v2\/posts\/18614\/revisions"}],"wp:featuredmedia":[{"embeddable":true,"href":"https:\/\/informacionlocal.es\/en\/wp-json\/wp\/v2\/media\/18616"}],"wp:attachment":[{"href":"https:\/\/informacionlocal.es\/en\/wp-json\/wp\/v2\/media?parent=18614"}],"wp:term":[{"taxonomy":"category","embeddable":true,"href":"https:\/\/informacionlocal.es\/en\/wp-json\/wp\/v2\/categories?post=18614"},{"taxonomy":"post_tag","embeddable":true,"href":"https:\/\/informacionlocal.es\/en\/wp-json\/wp\/v2\/tags?post=18614"}],"curies":[{"name":"wp","href":"https:\/\/api.w.org\/{rel}","templated":true}]}}