{"id":18602,"date":"2026-03-12T18:02:48","date_gmt":"2026-03-12T18:02:48","guid":{"rendered":"https:\/\/informacionlocal.es\/pajara-celebra-la-iii-feria-de-salud-escolar-para-promover-el-bienestar-integral-de-la-infancia\/"},"modified":"2026-03-12T18:02:48","modified_gmt":"2026-03-12T18:02:48","slug":"pajara-celebra-la-iii-feria-de-salud-escolar-para-promover-el-bienestar-integral-de-la-infancia","status":"publish","type":"post","link":"https:\/\/informacionlocal.es\/en\/pajara-celebra-la-iii-feria-de-salud-escolar-para-promover-el-bienestar-integral-de-la-infancia\/","title":{"rendered":"P\u00e1jara celebra la III Feria de Salud Escolar para promover el bienestar integral de la infancia"},"content":{"rendered":"<div class=\"entry-content\">\n<p><b><i>El encuentro reunir\u00e1 a varios centros educativos del municipio e incluir\u00e1 talleres y actividades saludables<\/i><\/b><\/p>\n<p><span>El Ayuntamiento de P\u00e1jara, en colaboraci\u00f3n con el Gobierno de Canarias, el Cabildo de Fuerteventura y diversas entidades, organiza la III Feria de Salud Escolar, una iniciativa que busca fomentar el bienestar f\u00edsico, emocional y social en la infancia bajo el lema \u2018Proteger cada latido y nutrir cada pensamiento\u2019.<\/span><\/p>\n<p><span>La jornada se celebrar\u00e1 el pr\u00f3ximo 10 de abril, en horario de 9:00 a 13:00 horas, y contar\u00e1 con la participaci\u00f3n del alumnado de los CEIP Tarajalejo, La Lajita, Costa Calma, Morro Jable I y II y CEIP P\u00e1jara.<\/span><\/p>\n<p><span>El primer teniente de alcalde y concejal de Sanidad, Alexis Alonso, subraya que iniciativas como esta \u201cpermiten acercar la educaci\u00f3n para la salud a los centros escolares de forma pr\u00e1ctica y atractiva, fomentando valores que contribuyen a una mejor calidad de vida\u201d.<\/span><\/p>\n<p><span>\u201cLa actividad f\u00edsica y los h\u00e1bitos saludables forman parte fundamental del desarrollo de los ni\u00f1os y ni\u00f1as, por lo que esta feria es una oportunidad para seguir promoviendo estilos de vida activos desde el entorno educativo\u201d, indica el concejal de Deportes, Jos\u00e9 Benito.<\/span><\/p>\n<p><span>La concejala de Educaci\u00f3n, Laya Batista, resalta la importancia de la colaboraci\u00f3n entre las instituciones y la comunidad educativa para impulsar este tipo de proyectos. \u201cTrabajar de forma conjunta nos permite ofrecer al alumnado experiencias que van m\u00e1s all\u00e1 del aula y que contribuyen a su desarrollo integral\u201d, afirma.<\/span><\/p>\n<p><span>Por su parte, el alcalde de P\u00e1jara, Alejandro Jorge, destaca que esta feria \u201crefuerza el compromiso del Ayuntamiento con la promoci\u00f3n de la salud entre los m\u00e1s peque\u00f1os, creando espacios educativos donde aprendan a cuidarse y a desarrollar h\u00e1bitos saludables desde la infancia\u201d.<\/span><\/p>\n<p><span>Durante la feria, los escolares participar\u00e1n en diferentes talleres y actividades orientadas a promover h\u00e1bitos de vida saludables, el cuidado del cuerpo y la importancia del equilibrio emocional desde edades tempranas.<\/span><\/p>\n<p><span>A lo largo de la feria se dar\u00e1 a conocer a los asistentes el papel que desarrollan las enfermeras escolares, agentes clave en la detecci\u00f3n, prevenci\u00f3n y educaci\u00f3n en salud dentro del \u00e1mbito educativo.<\/span><\/p>\n<p><span>Adem\u00e1s, el evento incluir\u00e1 una actuaci\u00f3n especial de Sanolandia, un espacio l\u00fadico-educativo que acercar\u00e1 de forma din\u00e1mica y participativa mensajes clave sobre salud y bienestar al alumnado.<\/span><\/p>\n<\/div>\n","protected":false},"excerpt":{"rendered":"<p><i>El encuentro reunir\u00e1 a varios centros educativos del municipio e incluir\u00e1 talleres y actividades saludables<\/i><\/p>\n","protected":false},"author":1,"featured_media":18604,"comment_status":"open","ping_status":"open","sticky":false,"template":"","format":"standard","meta":{"inline_featured_image":false,"jnews-multi-image_gallery":[],"jnews_single_post":[],"jnews_primary_category":[],"jnews_social_meta":[],"jnews_override_counter":[],"jnews_post_split":[],"footnotes":""},"categories":[63],"tags":[73,82,74],"class_list":["post-18602","post","type-post","status-publish","format-standard","has-post-thumbnail","hentry","category-pajara","tag-educacion","tag-fuerteventura","tag-sanidad"],"jetpack_featured_media_url":"https:\/\/informacionlocal.es\/wp-content\/uploads\/2026\/03\/cartel-feria-de-la-salud-_20260304_100618_0000_page-0001-scaled-1.jpg","_links":{"self":[{"href":"https:\/\/informacionlocal.es\/en\/wp-json\/wp\/v2\/posts\/18602","targetHints":{"allow":["GET"]}}],"collection":[{"href":"https:\/\/informacionlocal.es\/en\/wp-json\/wp\/v2\/posts"}],"about":[{"href":"https:\/\/informacionlocal.es\/en\/wp-json\/wp\/v2\/types\/post"}],"author":[{"embeddable":true,"href":"https:\/\/informacionlocal.es\/en\/wp-json\/wp\/v2\/users\/1"}],"replies":[{"embeddable":true,"href":"https:\/\/informacionlocal.es\/en\/wp-json\/wp\/v2\/comments?post=18602"}],"version-history":[{"count":0,"href":"https:\/\/informacionlocal.es\/en\/wp-json\/wp\/v2\/posts\/18602\/revisions"}],"wp:featuredmedia":[{"embeddable":true,"href":"https:\/\/informacionlocal.es\/en\/wp-json\/wp\/v2\/media\/18604"}],"wp:attachment":[{"href":"https:\/\/informacionlocal.es\/en\/wp-json\/wp\/v2\/media?parent=18602"}],"wp:term":[{"taxonomy":"category","embeddable":true,"href":"https:\/\/informacionlocal.es\/en\/wp-json\/wp\/v2\/categories?post=18602"},{"taxonomy":"post_tag","embeddable":true,"href":"https:\/\/informacionlocal.es\/en\/wp-json\/wp\/v2\/tags?post=18602"}],"curies":[{"name":"wp","href":"https:\/\/api.w.org\/{rel}","templated":true}]}}