{"id":18596,"date":"2026-03-12T17:02:11","date_gmt":"2026-03-12T17:02:11","guid":{"rendered":"https:\/\/informacionlocal.es\/comienza-este-viernes-el-taller-creativo-de-pintura-textil\/"},"modified":"2026-03-12T17:02:11","modified_gmt":"2026-03-12T17:02:11","slug":"comienza-este-viernes-el-taller-creativo-de-pintura-textil","status":"publish","type":"post","link":"https:\/\/informacionlocal.es\/en\/comienza-este-viernes-el-taller-creativo-de-pintura-textil\/","title":{"rendered":"Comienza este viernes el Taller Creativo de Pintura Textil"},"content":{"rendered":"<div class=\"elementor-widget-container\">\n<p><strong>Comienza este viernes el Taller Creativo de Pintura Textil<\/strong><\/p>\n<p><strong>\u2022 Antigua fomenta el talento art\u00edstico juvenil a trav\u00e9s del Taller Creativo de Pintura Textil que comienza este viernes 13 en el centro cultural de Triquivijate en horario de 17:30 a 20:30 horas. <\/strong><br \/><strong>\u2022 El Taller es itinerante y recorre los centros culturales de Triquivijate, Valles de Ortega, el centro de Juventud de Antigua, el centro cultural de Caleta de Fuste, finalizando en Agua de Bueyes. <\/strong><br \/><strong>\u2022 Plazas limitadas e inscripci\u00f3n gratuita por Registro de Entrada en el Ayuntamiento de Antigua, Tenencia de Alcald\u00eda en Caleta de Fuste o por sede electr\u00f3nica en www.ayto-antigua.es<\/strong><\/p>\n<p>El Ayuntamiento de Antigua desde la concejal\u00eda de Juventud organiza el Taller Creativo de Pintura Textil, una propuesta de ocio y formaci\u00f3n dirigida preferentemente a j\u00f3venes y adultos, entre 12 y 30 a\u00f1os.<\/p>\n<p>Una iniciativa que busca extender la oferta juvenil, facilitando la inscripci\u00f3n gratuita de este Taller creativo y formativo que se imparte en diferentes pueblos y localidades del Municipio, se\u00f1ala el alcalde, Mat\u00edas Pe\u00f1a Garc\u00eda, como Triquivijate, Antigua, Valles de Ortega, Caleta de Fuste y Agua de Bueyes.<\/p>\n<p>Queremos que los participantes descubran que el arte puede ser una herramienta cotidiana para la expresi\u00f3n personal, se\u00f1ala el concejal de Juventud, Pedro M. Armas Mart\u00edn, aprendiendo tambi\u00e9n a dar una segunda vida a sus prendas.<\/p>\n<p>El taller lo imparte la artista Ver\u00f3nica Matoso Vera, especializada en esta modalidad de dise\u00f1o creativo, entre otras, y recuerda el concejal, la inscripci\u00f3n es gratuita, el plazo esta abierto hasta cubrir plazas y debe formalizarse por Registro de Entrada, imparti\u00e9ndose el primer Taller Creativo de Pintura Textil, este viernes 13 en Triquivijate de 17:30 a 20:30 horas.<\/p>\n<p>\u00a0<\/p>\n<\/div>\n","protected":false},"excerpt":{"rendered":"<p><strong>Comienza este viernes el Taller Creativo de Pintura Textil<\/strong><\/p>\n","protected":false},"author":1,"featured_media":18598,"comment_status":"open","ping_status":"open","sticky":false,"template":"","format":"standard","meta":{"inline_featured_image":false,"jnews-multi-image_gallery":[],"jnews_single_post":[],"jnews_primary_category":[],"jnews_social_meta":[],"jnews_override_counter":[],"jnews_post_split":[],"footnotes":""},"categories":[59],"tags":[],"class_list":["post-18596","post","type-post","status-publish","format-standard","has-post-thumbnail","hentry","category-antigua"],"jetpack_featured_media_url":"https:\/\/informacionlocal.es\/wp-content\/uploads\/2026\/03\/juventud-1.jpeg","_links":{"self":[{"href":"https:\/\/informacionlocal.es\/en\/wp-json\/wp\/v2\/posts\/18596","targetHints":{"allow":["GET"]}}],"collection":[{"href":"https:\/\/informacionlocal.es\/en\/wp-json\/wp\/v2\/posts"}],"about":[{"href":"https:\/\/informacionlocal.es\/en\/wp-json\/wp\/v2\/types\/post"}],"author":[{"embeddable":true,"href":"https:\/\/informacionlocal.es\/en\/wp-json\/wp\/v2\/users\/1"}],"replies":[{"embeddable":true,"href":"https:\/\/informacionlocal.es\/en\/wp-json\/wp\/v2\/comments?post=18596"}],"version-history":[{"count":0,"href":"https:\/\/informacionlocal.es\/en\/wp-json\/wp\/v2\/posts\/18596\/revisions"}],"wp:featuredmedia":[{"embeddable":true,"href":"https:\/\/informacionlocal.es\/en\/wp-json\/wp\/v2\/media\/18598"}],"wp:attachment":[{"href":"https:\/\/informacionlocal.es\/en\/wp-json\/wp\/v2\/media?parent=18596"}],"wp:term":[{"taxonomy":"category","embeddable":true,"href":"https:\/\/informacionlocal.es\/en\/wp-json\/wp\/v2\/categories?post=18596"},{"taxonomy":"post_tag","embeddable":true,"href":"https:\/\/informacionlocal.es\/en\/wp-json\/wp\/v2\/tags?post=18596"}],"curies":[{"name":"wp","href":"https:\/\/api.w.org\/{rel}","templated":true}]}}