{"id":18590,"date":"2026-03-12T16:03:16","date_gmt":"2026-03-12T16:03:16","guid":{"rendered":"https:\/\/informacionlocal.es\/la-consejera-de-turismo-garantiza-la-dotacion-al-campeonato-mundial-de-windsurf-y-wingfoil-por-250-000-euros\/"},"modified":"2026-03-12T16:03:16","modified_gmt":"2026-03-12T16:03:16","slug":"la-consejera-de-turismo-garantiza-la-dotacion-al-campeonato-mundial-de-windsurf-y-wingfoil-por-250-000-euros","status":"publish","type":"post","link":"https:\/\/informacionlocal.es\/en\/la-consejera-de-turismo-garantiza-la-dotacion-al-campeonato-mundial-de-windsurf-y-wingfoil-por-250-000-euros\/","title":{"rendered":"La consejera de Turismo garantiza la dotaci\u00f3n al Campeonato Mundial de Windsurf y Wingfoil por 250.000 euros"},"content":{"rendered":"<div class=\"entry-content\"><strong>12 marzo, 2026<\/strong><\/p>\n<p><em><strong>El Consejo Rector del Patronato, con presencia y participaci\u00f3n de P\u00e1jara, aprob\u00f3 en diciembre de 2025 financiar los eventos del segundo semestre de 2026 v\u00eda modificaci\u00f3n de cr\u00e9dito<\/strong><\/em><\/p>\n<p>La consejera de Turismo del Cabildo de Fuerteventura y vicepresidenta del Patronato de Turismo, Marlene Figueroa, garantiza la dotaci\u00f3n al Campeonato Mundial de Windsurf y Wingfoil 2026. El Consejo Rector del Patronato de Turismo de Fuerteventura celebrado el 16 de diciembre de 2025 acord\u00f3, con la presencia y participaci\u00f3n de los\u00a0ayuntamientos de la isla como integrantes del \u00f3rgano, incluido P\u00e1jara,\u00a0mantener las cuant\u00edas de las subvenciones nominadas a los ayuntamientos para 2026, aunque cambiando la estrategia presupuestaria para cumplir la nueva realidad normativa.<\/p>\n<p>Tal y como ya hab\u00eda se\u00f1alado la presidenta del Cabildo, Lola Garc\u00eda, en un medio de comunicaci\u00f3n, la disponibilidad presupuestaria para este evento est\u00e1 garantizada. El presupuesto es un documento vivo en el que se van incorporando los cr\u00e9ditos necesarios, y est\u00e1n garantizadas las ayudas que cada a\u00f1o permiten el desarrollo de este y otros eventos.<\/p>\n<p>La consejera de Turismo del Cabildo de Fuerteventura, Marlene Figueroa,\u00a0explica que \u201clas partidas de las subvenciones nominadas a los ayuntamientos se mantienen, dando soluci\u00f3n presupuestaria para 2026 donde ning\u00fan ayuntamiento pierde su capacidad de financiaci\u00f3n para los eventos de trascendencia tur\u00edstica\u201d.<\/p>\n<p>Seg\u00fan Figueroa, los miembros del Consejo Rector fueron informados de la propuesta dise\u00f1ada por el Patronato que se basaba en mantener las subvenciones nominadas para los ayuntamientos con eventos de trascendencia tur\u00edstica que se desarrollan en el primer semestre de 2026 y, seguidamente, dar cobertura presupuestaria, en la misma cuant\u00eda, a los eventos del segundo semestre v\u00eda modificaci\u00f3n de\u00a0cr\u00e9dito.<\/p>\n<p>As\u00ed fue explicado y acordado por los miembros del Consejo Rector, del que forman parte los ayuntamientos de Fuerteventura incluido P\u00e1jara. \u201cEl alcalde de P\u00e1jara ten\u00eda conocimiento de que no se pierde la subvenci\u00f3n del Campeonato Mundial de Windsurf y Wingfoil por 250.000 euros. Al contrario, se mantienen las subvenciones de todos los ayuntamientos\u201d, a\u00f1ade Marlene Figueroa.<\/p>\n<\/div>\n","protected":false},"excerpt":{"rendered":"<p>12 marzo, 2026 El Consejo Rector del Patronato, con presencia y participaci\u00f3n de P\u00e1jara, aprob\u00f3 en diciembre de 2025 financiar los eventos del segundo semestre de 2026 v\u00eda modificaci\u00f3n de [&hellip;]<\/p>\n","protected":false},"author":1,"featured_media":18592,"comment_status":"open","ping_status":"open","sticky":false,"template":"","format":"standard","meta":{"inline_featured_image":false,"jnews-multi-image_gallery":[],"jnews_single_post":[],"jnews_primary_category":[],"jnews_social_meta":[],"jnews_override_counter":[],"jnews_post_split":[],"footnotes":""},"categories":[58],"tags":[69,82],"class_list":["post-18590","post","type-post","status-publish","format-standard","has-post-thumbnail","hentry","category-cabildo","tag-eventos","tag-fuerteventura"],"jetpack_featured_media_url":"https:\/\/informacionlocal.es\/wp-content\/uploads\/2026\/03\/ttrtr.jpeg","_links":{"self":[{"href":"https:\/\/informacionlocal.es\/en\/wp-json\/wp\/v2\/posts\/18590","targetHints":{"allow":["GET"]}}],"collection":[{"href":"https:\/\/informacionlocal.es\/en\/wp-json\/wp\/v2\/posts"}],"about":[{"href":"https:\/\/informacionlocal.es\/en\/wp-json\/wp\/v2\/types\/post"}],"author":[{"embeddable":true,"href":"https:\/\/informacionlocal.es\/en\/wp-json\/wp\/v2\/users\/1"}],"replies":[{"embeddable":true,"href":"https:\/\/informacionlocal.es\/en\/wp-json\/wp\/v2\/comments?post=18590"}],"version-history":[{"count":0,"href":"https:\/\/informacionlocal.es\/en\/wp-json\/wp\/v2\/posts\/18590\/revisions"}],"wp:featuredmedia":[{"embeddable":true,"href":"https:\/\/informacionlocal.es\/en\/wp-json\/wp\/v2\/media\/18592"}],"wp:attachment":[{"href":"https:\/\/informacionlocal.es\/en\/wp-json\/wp\/v2\/media?parent=18590"}],"wp:term":[{"taxonomy":"category","embeddable":true,"href":"https:\/\/informacionlocal.es\/en\/wp-json\/wp\/v2\/categories?post=18590"},{"taxonomy":"post_tag","embeddable":true,"href":"https:\/\/informacionlocal.es\/en\/wp-json\/wp\/v2\/tags?post=18590"}],"curies":[{"name":"wp","href":"https:\/\/api.w.org\/{rel}","templated":true}]}}