{"id":18553,"date":"2026-03-11T17:02:28","date_gmt":"2026-03-11T17:02:28","guid":{"rendered":"https:\/\/informacionlocal.es\/morro-jable-se-prepara-para-el-emocionante-pregon-ellas-corazon-del-carnaval\/"},"modified":"2026-03-11T17:02:28","modified_gmt":"2026-03-11T17:02:28","slug":"morro-jable-se-prepara-para-el-emocionante-pregon-ellas-corazon-del-carnaval","status":"publish","type":"post","link":"https:\/\/informacionlocal.es\/en\/morro-jable-se-prepara-para-el-emocionante-pregon-ellas-corazon-del-carnaval\/","title":{"rendered":"Morro Jable se prepara para el emocionante preg\u00f3n \u2018Ellas coraz\u00f3n del carnaval\u2019"},"content":{"rendered":"<div class=\"entry-content\">\n<p><b><i>Este jueves 12 de marzo,\u00a0 a partir de las 20:00 horas, tendr\u00e1 lugar el inicio del carnaval de la localidad para poner en valor el papel de las reinas de estas fiestas<\/i><\/b><\/p>\n<p><span>Morro Jable vivir\u00e1 a partir de ma\u00f1ana jueves, 12 de marzo, a las 20:00 horas, el preg\u00f3n del Carnaval 2026. A trav\u00e9s del Programa de Mujer, bajo el lema <\/span><i><span>Ellas, coraz\u00f3n del Carnaval<\/span><\/i><span>, se pondr\u00e1 en valor el papel de las reinas infantiles, adultas y Gran Dama a lo largo de la historia del municipio de P\u00e1jara<\/span><\/p>\n<p><span>Esta iniciativa parte de la Concejal\u00eda de Festejos, dirigida por Juan Jos\u00e9 Viera, con la colaboraci\u00f3n de la Concejal\u00eda de Servicios Sociales, encabezada por Kathaisa Rodr\u00edguez, se encargar\u00e1 de homenajear a las mujeres a trav\u00e9s de la historia, la cultura y la tradici\u00f3n carnavalera del municipio.<\/span><\/p>\n<p><span>La concejala de Servicios Sociales, Kathaisa Rodr\u00edguez, destaca que esta iniciativa pretende reconocer a las reinas y a todo lo que compone el carnaval: murgas, comparsas, entidades o costureras, entre otras figuras. \u201cEn definitiva, todas aquellas personas que han hecho grande esta fiesta a lo largo de los a\u00f1os, porque sin ellas no ser\u00eda posible tener reinas ni aspirantes que se presentan a\u00f1o tras a\u00f1o\u201d, se\u00f1ala.<\/span><\/p>\n<p><span>\u201cEste es un homenaje a la importancia de la mujer en la festividad y a la historia del propio municipio de P\u00e1jara. Como concejala espero que acudan para vivir momentos entra\u00f1ables y muy bonitos\u201d, a\u00f1ade Kathaisa Rodr\u00edguez.<\/span><\/p>\n<p><span>Desde la Concejal\u00eda se invita a toda la ciudadan\u00eda a asistir a este acto inaugural y a participar en las distintas actividades programadas con motivo del Carnaval de P\u00e1jara 2026, unas fiestas que volver\u00e1n a llenar, un a\u00f1o m\u00e1s, el municipio de m\u00fasica y color.<\/span><\/p>\n<\/div>\n","protected":false},"excerpt":{"rendered":"<p><i>Este jueves 12 de marzo,\u00a0 a partir de las 20:00 horas, tendr\u00e1 lugar el inicio del carnaval de la localidad para poner en valor el papel de las reinas de estas fiestas<\/i><\/p>\n","protected":false},"author":1,"featured_media":18555,"comment_status":"open","ping_status":"open","sticky":false,"template":"","format":"standard","meta":{"inline_featured_image":false,"jnews-multi-image_gallery":[],"jnews_single_post":[],"jnews_primary_category":[],"jnews_social_meta":[],"jnews_override_counter":[],"jnews_post_split":[],"footnotes":""},"categories":[63],"tags":[],"class_list":["post-18553","post","type-post","status-publish","format-standard","has-post-thumbnail","hentry","category-pajara"],"jetpack_featured_media_url":"https:\/\/informacionlocal.es\/wp-content\/uploads\/2026\/03\/whatsapp-image-2026-03-10-at-15-36-50.jpeg","_links":{"self":[{"href":"https:\/\/informacionlocal.es\/en\/wp-json\/wp\/v2\/posts\/18553","targetHints":{"allow":["GET"]}}],"collection":[{"href":"https:\/\/informacionlocal.es\/en\/wp-json\/wp\/v2\/posts"}],"about":[{"href":"https:\/\/informacionlocal.es\/en\/wp-json\/wp\/v2\/types\/post"}],"author":[{"embeddable":true,"href":"https:\/\/informacionlocal.es\/en\/wp-json\/wp\/v2\/users\/1"}],"replies":[{"embeddable":true,"href":"https:\/\/informacionlocal.es\/en\/wp-json\/wp\/v2\/comments?post=18553"}],"version-history":[{"count":0,"href":"https:\/\/informacionlocal.es\/en\/wp-json\/wp\/v2\/posts\/18553\/revisions"}],"wp:featuredmedia":[{"embeddable":true,"href":"https:\/\/informacionlocal.es\/en\/wp-json\/wp\/v2\/media\/18555"}],"wp:attachment":[{"href":"https:\/\/informacionlocal.es\/en\/wp-json\/wp\/v2\/media?parent=18553"}],"wp:term":[{"taxonomy":"category","embeddable":true,"href":"https:\/\/informacionlocal.es\/en\/wp-json\/wp\/v2\/categories?post=18553"},{"taxonomy":"post_tag","embeddable":true,"href":"https:\/\/informacionlocal.es\/en\/wp-json\/wp\/v2\/tags?post=18553"}],"curies":[{"name":"wp","href":"https:\/\/api.w.org\/{rel}","templated":true}]}}