{"id":18535,"date":"2026-03-11T14:01:50","date_gmt":"2026-03-11T14:01:50","guid":{"rendered":"https:\/\/informacionlocal.es\/la-iii-jornada-tecnica-medioambiental-del-cabildo-aborda-los-efectos-del-cambio-climatico-en-las-costas-canarias\/"},"modified":"2026-03-11T14:01:50","modified_gmt":"2026-03-11T14:01:50","slug":"la-iii-jornada-tecnica-medioambiental-del-cabildo-aborda-los-efectos-del-cambio-climatico-en-las-costas-canarias","status":"publish","type":"post","link":"https:\/\/informacionlocal.es\/en\/la-iii-jornada-tecnica-medioambiental-del-cabildo-aborda-los-efectos-del-cambio-climatico-en-las-costas-canarias\/","title":{"rendered":"\ufeffLa III Jornada T\u00e9cnica Medioambiental del Cabildo aborda los efectos del cambio clim\u00e1tico en las costas canarias"},"content":{"rendered":"<div class=\"entry-content\"><strong>11 marzo, 2026<\/strong><\/p>\n<p>El Cabildo de Fuerteventura, a trav\u00e9s de la Consejer\u00eda de Medio Ambiente, contin\u00faa con su programa de Cursos, Jornadas y Conferencias Medioambientales 2026, un espacio de encuentro orientado a generar reflexi\u00f3n especializada y activar respuestas frente a los desaf\u00edos ambientales de Fuerteventura.<\/p>\n<p>De esta manera, el pr\u00f3ximo 26 de marzo, se celebrar\u00e1 la III Jornada T\u00e9cnica Medioambiental, en el Palacio de Formaci\u00f3n y Congresos de Fuerteventura, centrada en los efectos costeros en Canarias y Fuerteventura por el impacto del cambio clim\u00e1tico.<\/p>\n<p>El consejero de Medio Ambiente, Carlos Rodr\u00edguez, pone en valor el programa de de Cursos, Jornadas y Conferencias Medioambientales de la Corporaci\u00f3n insular, \u201cque persigue reforzar la formaci\u00f3n y capacitaci\u00f3n de los distintos actores sociales implicados en la gesti\u00f3n de espacios naturales, la conservaci\u00f3n de la biodiversidad y la mejora frente al cambio clim\u00e1tico\u201d.<\/p>\n<p>Adem\u00e1s, la jornada contar\u00e1 con la participaci\u00f3n de la consejera de Reserva de la Biosfera, Marlene Figueroa, quien pone en valor un foro de trabajo y reflexi\u00f3n que funciona como punto de encuentro para los distintos agentes implicados en el \u00e1mbito medioambiental.<\/p>\n<p>Las ponencias correr\u00e1n a cargo de expertos como el especialista en Oceanograf\u00eda y Cambio Clim\u00e1tico de Gesplan, Asier Borja, el profesor de Geograf\u00eda F\u00edsica de la ULL, Jaime D\u00edaz, el t\u00e9cnico de Servicio de Cambio Clim\u00e1tico e Informaci\u00f3n Ambiental de la Consejer\u00eda de Transici\u00f3n Ecol\u00f3gica y Energ\u00eda del Gobierno de Canarias, Juan Ferrer, y el ge\u00f3grafo de Gesplan, Reynaldo Ramos.<\/p>\n<p>Tambi\u00e9n se desarrollar\u00e1 una mesa redonda con la participaci\u00f3n de los expertos mencionados, as\u00ed como con el director insular del \u00e1rea de Sostenibilidad Ambiental y Reserva de la Biosfera, Jos\u00e9 Domingo Fenr\u00e1ndez, y el jefe de servicio de cambio clim\u00e1tico e informaci\u00f3n ambiental del Gobierno de Canarias, Gustavo Pestana.<\/p>\n<p>Toda la informaci\u00f3n y el formulario para inscribirse est\u00e1 disponible en:\u00a0https:\/\/www.eventosyformacionmedioambientecabildofuerteventura.com\/IIIjornadatecnica2026#tatsu-section-TLQdiHiNkRis<\/p>\n<p>La jornada concluir\u00e1 con el acto de clausura institucional, reafirmando el compromiso del Cabildo de Fuerteventura con la sostenibilidad y la protecci\u00f3n del medio ambiente.<\/p>\n<\/div>\n","protected":false},"excerpt":{"rendered":"<p>11 marzo, 2026 El Cabildo de Fuerteventura, a trav\u00e9s de la Consejer\u00eda de Medio Ambiente, contin\u00faa con su programa de Cursos, Jornadas y Conferencias Medioambientales 2026, un espacio de encuentro [&hellip;]<\/p>\n","protected":false},"author":1,"featured_media":18537,"comment_status":"open","ping_status":"open","sticky":false,"template":"","format":"standard","meta":{"inline_featured_image":false,"jnews-multi-image_gallery":[],"jnews_single_post":[],"jnews_primary_category":[],"jnews_social_meta":[],"jnews_override_counter":[],"jnews_post_split":[],"footnotes":""},"categories":[58],"tags":[69,82,76],"class_list":["post-18535","post","type-post","status-publish","format-standard","has-post-thumbnail","hentry","category-cabildo","tag-eventos","tag-fuerteventura","tag-medio-ambiente"],"jetpack_featured_media_url":"https:\/\/informacionlocal.es\/wp-content\/uploads\/2026\/03\/eee.png","_links":{"self":[{"href":"https:\/\/informacionlocal.es\/en\/wp-json\/wp\/v2\/posts\/18535","targetHints":{"allow":["GET"]}}],"collection":[{"href":"https:\/\/informacionlocal.es\/en\/wp-json\/wp\/v2\/posts"}],"about":[{"href":"https:\/\/informacionlocal.es\/en\/wp-json\/wp\/v2\/types\/post"}],"author":[{"embeddable":true,"href":"https:\/\/informacionlocal.es\/en\/wp-json\/wp\/v2\/users\/1"}],"replies":[{"embeddable":true,"href":"https:\/\/informacionlocal.es\/en\/wp-json\/wp\/v2\/comments?post=18535"}],"version-history":[{"count":0,"href":"https:\/\/informacionlocal.es\/en\/wp-json\/wp\/v2\/posts\/18535\/revisions"}],"wp:featuredmedia":[{"embeddable":true,"href":"https:\/\/informacionlocal.es\/en\/wp-json\/wp\/v2\/media\/18537"}],"wp:attachment":[{"href":"https:\/\/informacionlocal.es\/en\/wp-json\/wp\/v2\/media?parent=18535"}],"wp:term":[{"taxonomy":"category","embeddable":true,"href":"https:\/\/informacionlocal.es\/en\/wp-json\/wp\/v2\/categories?post=18535"},{"taxonomy":"post_tag","embeddable":true,"href":"https:\/\/informacionlocal.es\/en\/wp-json\/wp\/v2\/tags?post=18535"}],"curies":[{"name":"wp","href":"https:\/\/api.w.org\/{rel}","templated":true}]}}